{"id":5143,"date":"2023-07-11T16:00:30","date_gmt":"2023-07-11T22:00:30","guid":{"rendered":"https:\/\/cenida.una.edu.ni\/?p=5143"},"modified":"2023-07-18T16:02:05","modified_gmt":"2023-07-18T22:02:05","slug":"realizan-monitoreo-de-fenomeno-meteorologico-en-el-mar-caribe","status":"publish","type":"post","link":"https:\/\/cenida.una.edu.ni\/index.php\/2023\/07\/11\/realizan-monitoreo-de-fenomeno-meteorologico-en-el-mar-caribe\/","title":{"rendered":"Realizan monitoreo de fen\u00f3meno meteorol\u00f3gico en el mar Caribe"},"content":{"rendered":"\n<p> El Ej\u00e9rcito de Nicaragua consecuente con el lema de que \u201cSomos el Pueblo  mismo uniformado trabajando en su propio beneficio\u201d, a trav\u00e9s del  Distrito Naval Caribe, en el marco de las leyes y misiones establecidas  en la Constituci\u00f3n Pol\u00edtica de la Rep\u00fablica de Nicaragua, informa que se  mantiene <strong>monitoreando un fen\u00f3meno meteorol\u00f3gico \u201cOnda Tropical N\u00b012\u201d,<\/strong>  que afectar\u00e1 el mar Caribe nicarag\u00fcense, con vientos de 10 a 20 nudos  (18.52 km\/h a 37.04 km\/h) y olas de 1.64 a 8.4 pies (0.50 a 2.5 metros  de altura), acompa\u00f1ados con lluvias moderadas a fuertes y tormentas  el\u00e9ctricas, causando una visibilidad reducida, en las regiones aut\u00f3nomas  de la Costa Caribe Norte y Sur.  <a href=\"https:\/\/www.el19digital.com\/articulos\/ver\/titulo:142385-realizan-monitoreo-de-fenomeno-metereologico-en-el-mar-caribe.\" target=\"_blank\" rel=\"noreferrer noopener\" aria-label=\"Leer m\u00e1s... (opens in a new tab)\">Leer m\u00e1s&#8230;<\/a><\/p>\n","protected":false},"excerpt":{"rendered":"<p>El Ej\u00e9rcito de Nicaragua consecuente con el lema de que \u201cSomos el Pueblo mismo uniformado trabajando en su propio beneficio\u201d,<\/p>\n","protected":false},"author":1,"featured_media":5132,"comment_status":"closed","ping_status":"closed","sticky":false,"template":"","format":"standard","meta":{"colormag_page_container_layout":"default_layout","colormag_page_sidebar_layout":"default_layout","footnotes":""},"categories":[11],"tags":[],"class_list":["post-5143","post","type-post","status-publish","format-standard","has-post-thumbnail","hentry","category-noticias-agropecuarias"],"_links":{"self":[{"href":"https:\/\/cenida.una.edu.ni\/index.php\/wp-json\/wp\/v2\/posts\/5143","targetHints":{"allow":["GET"]}}],"collection":[{"href":"https:\/\/cenida.una.edu.ni\/index.php\/wp-json\/wp\/v2\/posts"}],"about":[{"href":"https:\/\/cenida.una.edu.ni\/index.php\/wp-json\/wp\/v2\/types\/post"}],"author":[{"embeddable":true,"href":"https:\/\/cenida.una.edu.ni\/index.php\/wp-json\/wp\/v2\/users\/1"}],"replies":[{"embeddable":true,"href":"https:\/\/cenida.una.edu.ni\/index.php\/wp-json\/wp\/v2\/comments?post=5143"}],"version-history":[{"count":1,"href":"https:\/\/cenida.una.edu.ni\/index.php\/wp-json\/wp\/v2\/posts\/5143\/revisions"}],"predecessor-version":[{"id":5145,"href":"https:\/\/cenida.una.edu.ni\/index.php\/wp-json\/wp\/v2\/posts\/5143\/revisions\/5145"}],"wp:featuredmedia":[{"embeddable":true,"href":"https:\/\/cenida.una.edu.ni\/index.php\/wp-json\/wp\/v2\/media\/5132"}],"wp:attachment":[{"href":"https:\/\/cenida.una.edu.ni\/index.php\/wp-json\/wp\/v2\/media?parent=5143"}],"wp:term":[{"taxonomy":"category","embeddable":true,"href":"https:\/\/cenida.una.edu.ni\/index.php\/wp-json\/wp\/v2\/categories?post=5143"},{"taxonomy":"post_tag","embeddable":true,"href":"https:\/\/cenida.una.edu.ni\/index.php\/wp-json\/wp\/v2\/tags?post=5143"}],"curies":[{"name":"wp","href":"https:\/\/api.w.org\/{rel}","templated":true}]}}