{"id":5139,"date":"2023-06-29T15:58:19","date_gmt":"2023-06-29T21:58:19","guid":{"rendered":"https:\/\/cenida.una.edu.ni\/?p=5139"},"modified":"2023-07-18T15:59:27","modified_gmt":"2023-07-18T21:59:27","slug":"conozca-el-comportamiento-de-la-siembra-de-primera-de-maiz-y-frijol-rojo-2023-en-nicaragua","status":"publish","type":"post","link":"https:\/\/cenida.una.edu.ni\/index.php\/2023\/06\/29\/conozca-el-comportamiento-de-la-siembra-de-primera-de-maiz-y-frijol-rojo-2023-en-nicaragua\/","title":{"rendered":"Conozca el comportamiento de la siembra de primera de ma\u00edz y frijol rojo 2023 en Nicaragua"},"content":{"rendered":"\n<p><strong>El Gobierno de Reconciliaci\u00f3n y Unidad Nacional (GRUN),<\/strong> desarrolla desde las<strong> Instituciones del Sistema de Producci\u00f3n, Consumo y Comercio, la Estrategia de Promoci\u00f3n de Cultivos de Granos B\u00e1sicos<\/strong>,  con el prop\u00f3sito de incrementar la producci\u00f3n nacional, principalmente  de Ma\u00edz y Frijol Rojo, promover la implementaci\u00f3n de nuevas pr\u00e1cticas y  tecnolog\u00edas, que permitan agregar valor a la producci\u00f3n, incentivar a  las exportaciones y mejorar los ingresos de las Familias Productoras.  <a href=\"https:\/\/www.el19digital.com\/articulos\/ver\/titulo:141927-conozca-el-comportamiento-de-la-siembra-de-primera-de-maiz-y-frijol-rojo-2023-en-nicaragua\" target=\"_blank\" rel=\"noreferrer noopener\" aria-label=\"Leer m\u00e1s... (opens in a new tab)\">Leer m\u00e1s&#8230;<\/a><\/p>\n","protected":false},"excerpt":{"rendered":"<p>El Gobierno de Reconciliaci\u00f3n y Unidad Nacional (GRUN), desarrolla desde las Instituciones del Sistema de Producci\u00f3n, Consumo y Comercio, la<\/p>\n","protected":false},"author":1,"featured_media":5130,"comment_status":"closed","ping_status":"closed","sticky":false,"template":"","format":"standard","meta":{"colormag_page_container_layout":"default_layout","colormag_page_sidebar_layout":"default_layout","footnotes":""},"categories":[11],"tags":[],"class_list":["post-5139","post","type-post","status-publish","format-standard","has-post-thumbnail","hentry","category-noticias-agropecuarias"],"_links":{"self":[{"href":"https:\/\/cenida.una.edu.ni\/index.php\/wp-json\/wp\/v2\/posts\/5139","targetHints":{"allow":["GET"]}}],"collection":[{"href":"https:\/\/cenida.una.edu.ni\/index.php\/wp-json\/wp\/v2\/posts"}],"about":[{"href":"https:\/\/cenida.una.edu.ni\/index.php\/wp-json\/wp\/v2\/types\/post"}],"author":[{"embeddable":true,"href":"https:\/\/cenida.una.edu.ni\/index.php\/wp-json\/wp\/v2\/users\/1"}],"replies":[{"embeddable":true,"href":"https:\/\/cenida.una.edu.ni\/index.php\/wp-json\/wp\/v2\/comments?post=5139"}],"version-history":[{"count":1,"href":"https:\/\/cenida.una.edu.ni\/index.php\/wp-json\/wp\/v2\/posts\/5139\/revisions"}],"predecessor-version":[{"id":5140,"href":"https:\/\/cenida.una.edu.ni\/index.php\/wp-json\/wp\/v2\/posts\/5139\/revisions\/5140"}],"wp:featuredmedia":[{"embeddable":true,"href":"https:\/\/cenida.una.edu.ni\/index.php\/wp-json\/wp\/v2\/media\/5130"}],"wp:attachment":[{"href":"https:\/\/cenida.una.edu.ni\/index.php\/wp-json\/wp\/v2\/media?parent=5139"}],"wp:term":[{"taxonomy":"category","embeddable":true,"href":"https:\/\/cenida.una.edu.ni\/index.php\/wp-json\/wp\/v2\/categories?post=5139"},{"taxonomy":"post_tag","embeddable":true,"href":"https:\/\/cenida.una.edu.ni\/index.php\/wp-json\/wp\/v2\/tags?post=5139"}],"curies":[{"name":"wp","href":"https:\/\/api.w.org\/{rel}","templated":true}]}}