{"id":5122,"date":"2023-05-19T10:43:20","date_gmt":"2023-05-19T16:43:20","guid":{"rendered":"https:\/\/cenida.una.edu.ni\/?p=5122"},"modified":"2023-07-10T10:46:12","modified_gmt":"2023-07-10T16:46:12","slug":"programa-adelante-continua-impulsando-a-pequenos-productores-2","status":"publish","type":"post","link":"https:\/\/cenida.una.edu.ni\/index.php\/2023\/05\/19\/programa-adelante-continua-impulsando-a-pequenos-productores-2\/","title":{"rendered":"Programa &#8220;Adelante&#8221; contin\u00faa impulsando a peque\u00f1os productores"},"content":{"rendered":"\n<p><strong>El Ministro de Agricultura, compa\u00f1ero Isidro Rivera,<\/strong> dio a conocer que el<strong> programa de cr\u00e9ditos \u201cAdelante\u201d,<\/strong>  que empez\u00f3 a implementarse a partir de enero, ha colocado hasta la  fecha un poco m\u00e1s de 301 millones de c\u00f3rdobas en manos de emprendedores  del sector agropecuario e industrial del pa\u00eds.  <a href=\"https:\/\/www.el19digital.com\/articulos\/ver\/titulo:140429-programa-adelante-continua-impulsando-a-pequenos-productores\" target=\"_blank\" rel=\"noreferrer noopener\" aria-label=\"Leer m\u00e1s... (opens in a new tab)\">Leer m\u00e1s&#8230;<\/a><\/p>\n","protected":false},"excerpt":{"rendered":"<p>El Ministro de Agricultura, compa\u00f1ero Isidro Rivera, dio a conocer que el programa de cr\u00e9ditos \u201cAdelante\u201d, que empez\u00f3 a implementarse<\/p>\n","protected":false},"author":1,"featured_media":5097,"comment_status":"closed","ping_status":"closed","sticky":false,"template":"","format":"standard","meta":{"colormag_page_container_layout":"default_layout","colormag_page_sidebar_layout":"default_layout","footnotes":""},"categories":[11],"tags":[],"class_list":["post-5122","post","type-post","status-publish","format-standard","has-post-thumbnail","hentry","category-noticias-agropecuarias"],"_links":{"self":[{"href":"https:\/\/cenida.una.edu.ni\/index.php\/wp-json\/wp\/v2\/posts\/5122","targetHints":{"allow":["GET"]}}],"collection":[{"href":"https:\/\/cenida.una.edu.ni\/index.php\/wp-json\/wp\/v2\/posts"}],"about":[{"href":"https:\/\/cenida.una.edu.ni\/index.php\/wp-json\/wp\/v2\/types\/post"}],"author":[{"embeddable":true,"href":"https:\/\/cenida.una.edu.ni\/index.php\/wp-json\/wp\/v2\/users\/1"}],"replies":[{"embeddable":true,"href":"https:\/\/cenida.una.edu.ni\/index.php\/wp-json\/wp\/v2\/comments?post=5122"}],"version-history":[{"count":1,"href":"https:\/\/cenida.una.edu.ni\/index.php\/wp-json\/wp\/v2\/posts\/5122\/revisions"}],"predecessor-version":[{"id":5123,"href":"https:\/\/cenida.una.edu.ni\/index.php\/wp-json\/wp\/v2\/posts\/5122\/revisions\/5123"}],"wp:featuredmedia":[{"embeddable":true,"href":"https:\/\/cenida.una.edu.ni\/index.php\/wp-json\/wp\/v2\/media\/5097"}],"wp:attachment":[{"href":"https:\/\/cenida.una.edu.ni\/index.php\/wp-json\/wp\/v2\/media?parent=5122"}],"wp:term":[{"taxonomy":"category","embeddable":true,"href":"https:\/\/cenida.una.edu.ni\/index.php\/wp-json\/wp\/v2\/categories?post=5122"},{"taxonomy":"post_tag","embeddable":true,"href":"https:\/\/cenida.una.edu.ni\/index.php\/wp-json\/wp\/v2\/tags?post=5122"}],"curies":[{"name":"wp","href":"https:\/\/api.w.org\/{rel}","templated":true}]}}