{"id":4943,"date":"2023-05-16T15:33:36","date_gmt":"2023-05-16T21:33:36","guid":{"rendered":"https:\/\/cenida.una.edu.ni\/?p=4943"},"modified":"2023-05-19T15:33:59","modified_gmt":"2023-05-19T21:33:59","slug":"tecnicos-agropecuarios-celebraron-inicio-del-ciclo-productivo","status":"publish","type":"post","link":"https:\/\/cenida.una.edu.ni\/index.php\/2023\/05\/16\/tecnicos-agropecuarios-celebraron-inicio-del-ciclo-productivo\/","title":{"rendered":"T\u00e9cnicos agropecuarios celebraron inicio del ciclo productivo"},"content":{"rendered":"\n<p> Del 13 al 15 de Mayo 2023, el Instituto Nacional T\u00e9cnico y Tecnol\u00f3gico, <strong>INATEC,<\/strong> realiz\u00f3 Festivales de la <strong>Producci\u00f3n \u201cMayo Aguas Santas\u201d<\/strong>  en Centros T\u00e9cnicos Agropecuarios, celebrando la laboriosidad en el  Campo, en Saludo al D\u00eda del Agr\u00f3nomo Nicarag\u00fcense y San Isidro Labrador.  <a href=\"https:\/\/www.el19digital.com\/articulos\/ver\/titulo:140235-tecnicos-agropecuarios-celebraron-inicio-del-ciclo-productivo.\" target=\"_blank\" rel=\"noreferrer noopener\" aria-label=\"Leer m\u00e1s... (opens in a new tab)\">Leer m\u00e1s&#8230;<\/a><\/p>\n","protected":false},"excerpt":{"rendered":"<p>Del 13 al 15 de Mayo 2023, el Instituto Nacional T\u00e9cnico y Tecnol\u00f3gico, INATEC, realiz\u00f3 Festivales de la Producci\u00f3n \u201cMayo<\/p>\n","protected":false},"author":1,"featured_media":4927,"comment_status":"closed","ping_status":"closed","sticky":false,"template":"","format":"standard","meta":{"colormag_page_container_layout":"default_layout","colormag_page_sidebar_layout":"default_layout","footnotes":""},"categories":[11],"tags":[],"class_list":["post-4943","post","type-post","status-publish","format-standard","has-post-thumbnail","hentry","category-noticias-agropecuarias"],"_links":{"self":[{"href":"https:\/\/cenida.una.edu.ni\/index.php\/wp-json\/wp\/v2\/posts\/4943","targetHints":{"allow":["GET"]}}],"collection":[{"href":"https:\/\/cenida.una.edu.ni\/index.php\/wp-json\/wp\/v2\/posts"}],"about":[{"href":"https:\/\/cenida.una.edu.ni\/index.php\/wp-json\/wp\/v2\/types\/post"}],"author":[{"embeddable":true,"href":"https:\/\/cenida.una.edu.ni\/index.php\/wp-json\/wp\/v2\/users\/1"}],"replies":[{"embeddable":true,"href":"https:\/\/cenida.una.edu.ni\/index.php\/wp-json\/wp\/v2\/comments?post=4943"}],"version-history":[{"count":1,"href":"https:\/\/cenida.una.edu.ni\/index.php\/wp-json\/wp\/v2\/posts\/4943\/revisions"}],"predecessor-version":[{"id":4944,"href":"https:\/\/cenida.una.edu.ni\/index.php\/wp-json\/wp\/v2\/posts\/4943\/revisions\/4944"}],"wp:featuredmedia":[{"embeddable":true,"href":"https:\/\/cenida.una.edu.ni\/index.php\/wp-json\/wp\/v2\/media\/4927"}],"wp:attachment":[{"href":"https:\/\/cenida.una.edu.ni\/index.php\/wp-json\/wp\/v2\/media?parent=4943"}],"wp:term":[{"taxonomy":"category","embeddable":true,"href":"https:\/\/cenida.una.edu.ni\/index.php\/wp-json\/wp\/v2\/categories?post=4943"},{"taxonomy":"post_tag","embeddable":true,"href":"https:\/\/cenida.una.edu.ni\/index.php\/wp-json\/wp\/v2\/tags?post=4943"}],"curies":[{"name":"wp","href":"https:\/\/api.w.org\/{rel}","templated":true}]}}