{"id":4923,"date":"2023-05-16T15:27:29","date_gmt":"2023-05-16T21:27:29","guid":{"rendered":"https:\/\/cenida.una.edu.ni\/?p=4923"},"modified":"2023-05-19T15:29:43","modified_gmt":"2023-05-19T21:29:43","slug":"presentan-plan-nacional-de-produccion-consumo-y-comercio-2023-2024","status":"publish","type":"post","link":"https:\/\/cenida.una.edu.ni\/index.php\/2023\/05\/16\/presentan-plan-nacional-de-produccion-consumo-y-comercio-2023-2024\/","title":{"rendered":"Presentan Plan Nacional de Producci\u00f3n, Consumo y Comercio 2023\/2024"},"content":{"rendered":"\n<p> El <strong>Ministro de Hacienda y Cr\u00e9dito P\u00fablico, Iv\u00e1n Acosta,<\/strong> present\u00f3 a la <strong>Asamblea Nacional, el <a rel=\"noreferrer noopener\" href=\"https:\/\/www.el19digital.com\/app\/webroot\/tinymce\/source\/2023\/Mayo\/16May\/PRODUCCION.pdf\" target=\"_blank\">Plan Nacional de Producci\u00f3n, Consumo y Comercio,<\/a><\/strong> que contiene las principales metas productivas para fortalecer y brindar seguridad alimentaria a las<strong> familias nicarag\u00fcenses.<\/strong>  <a href=\"https:\/\/www.el19digital.com\/articulos\/ver\/titulo:140223-presentan-plan-nacional-de-produccion-consumo-y-comercio-20232024\" target=\"_blank\" rel=\"noreferrer noopener\" aria-label=\"Leer m\u00e1s... (opens in a new tab)\">Leer m\u00e1s&#8230;<\/a><\/p>\n","protected":false},"excerpt":{"rendered":"<p>El Ministro de Hacienda y Cr\u00e9dito P\u00fablico, Iv\u00e1n Acosta, present\u00f3 a la Asamblea Nacional, el Plan Nacional de Producci\u00f3n, Consumo<\/p>\n","protected":false},"author":1,"featured_media":4924,"comment_status":"closed","ping_status":"closed","sticky":false,"template":"","format":"standard","meta":{"colormag_page_container_layout":"default_layout","colormag_page_sidebar_layout":"default_layout","footnotes":""},"categories":[11],"tags":[],"class_list":["post-4923","post","type-post","status-publish","format-standard","has-post-thumbnail","hentry","category-noticias-agropecuarias"],"_links":{"self":[{"href":"https:\/\/cenida.una.edu.ni\/index.php\/wp-json\/wp\/v2\/posts\/4923","targetHints":{"allow":["GET"]}}],"collection":[{"href":"https:\/\/cenida.una.edu.ni\/index.php\/wp-json\/wp\/v2\/posts"}],"about":[{"href":"https:\/\/cenida.una.edu.ni\/index.php\/wp-json\/wp\/v2\/types\/post"}],"author":[{"embeddable":true,"href":"https:\/\/cenida.una.edu.ni\/index.php\/wp-json\/wp\/v2\/users\/1"}],"replies":[{"embeddable":true,"href":"https:\/\/cenida.una.edu.ni\/index.php\/wp-json\/wp\/v2\/comments?post=4923"}],"version-history":[{"count":1,"href":"https:\/\/cenida.una.edu.ni\/index.php\/wp-json\/wp\/v2\/posts\/4923\/revisions"}],"predecessor-version":[{"id":4938,"href":"https:\/\/cenida.una.edu.ni\/index.php\/wp-json\/wp\/v2\/posts\/4923\/revisions\/4938"}],"wp:featuredmedia":[{"embeddable":true,"href":"https:\/\/cenida.una.edu.ni\/index.php\/wp-json\/wp\/v2\/media\/4924"}],"wp:attachment":[{"href":"https:\/\/cenida.una.edu.ni\/index.php\/wp-json\/wp\/v2\/media?parent=4923"}],"wp:term":[{"taxonomy":"category","embeddable":true,"href":"https:\/\/cenida.una.edu.ni\/index.php\/wp-json\/wp\/v2\/categories?post=4923"},{"taxonomy":"post_tag","embeddable":true,"href":"https:\/\/cenida.una.edu.ni\/index.php\/wp-json\/wp\/v2\/tags?post=4923"}],"curies":[{"name":"wp","href":"https:\/\/api.w.org\/{rel}","templated":true}]}}