{"id":4903,"date":"2023-05-04T14:08:24","date_gmt":"2023-05-04T20:08:24","guid":{"rendered":"https:\/\/cenida.una.edu.ni\/?p=4903"},"modified":"2023-05-10T14:16:07","modified_gmt":"2023-05-10T20:16:07","slug":"mefcca-reinaugura-centro-de-desarrollo-de-capacidades-y-adopcion-de-tecnologia","status":"publish","type":"post","link":"https:\/\/cenida.una.edu.ni\/index.php\/2023\/05\/04\/mefcca-reinaugura-centro-de-desarrollo-de-capacidades-y-adopcion-de-tecnologia\/","title":{"rendered":"Mefcca reinaugura Centro de Desarrollo de Capacidades y Adopci\u00f3n de Tecnolog\u00eda"},"content":{"rendered":"\n<p> El <strong>Ministerio de la Econom\u00eda Familiar (Mefcca)<\/strong> reinaugur\u00f3 este jueves el <strong>Centro de Desarrollo de Capacidades y Adopci\u00f3n de Tecnolog\u00eda (CDCAT)<\/strong>, donde se est\u00e1n promoviendo en forma gratuita tecnolog\u00edas de cultivos de legumbres para las familias.  <a href=\"https:\/\/www.el19digital.com\/articulos\/ver\/titulo:139802-mefcca-reinagura-centro-de-desarrollo-de-capacidades-y-adopcion-de-tecnologia.\" target=\"_blank\" rel=\"noreferrer noopener\" aria-label=\"Leer m\u00e1s... (opens in a new tab)\">Leer m\u00e1s&#8230;<\/a><\/p>\n","protected":false},"excerpt":{"rendered":"<p>El Ministerio de la Econom\u00eda Familiar (Mefcca) reinaugur\u00f3 este jueves el Centro de Desarrollo de Capacidades y Adopci\u00f3n de Tecnolog\u00eda<\/p>\n","protected":false},"author":1,"featured_media":4892,"comment_status":"closed","ping_status":"closed","sticky":false,"template":"","format":"standard","meta":{"colormag_page_container_layout":"default_layout","colormag_page_sidebar_layout":"default_layout","footnotes":""},"categories":[11],"tags":[],"class_list":["post-4903","post","type-post","status-publish","format-standard","has-post-thumbnail","hentry","category-noticias-agropecuarias"],"_links":{"self":[{"href":"https:\/\/cenida.una.edu.ni\/index.php\/wp-json\/wp\/v2\/posts\/4903","targetHints":{"allow":["GET"]}}],"collection":[{"href":"https:\/\/cenida.una.edu.ni\/index.php\/wp-json\/wp\/v2\/posts"}],"about":[{"href":"https:\/\/cenida.una.edu.ni\/index.php\/wp-json\/wp\/v2\/types\/post"}],"author":[{"embeddable":true,"href":"https:\/\/cenida.una.edu.ni\/index.php\/wp-json\/wp\/v2\/users\/1"}],"replies":[{"embeddable":true,"href":"https:\/\/cenida.una.edu.ni\/index.php\/wp-json\/wp\/v2\/comments?post=4903"}],"version-history":[{"count":1,"href":"https:\/\/cenida.una.edu.ni\/index.php\/wp-json\/wp\/v2\/posts\/4903\/revisions"}],"predecessor-version":[{"id":4904,"href":"https:\/\/cenida.una.edu.ni\/index.php\/wp-json\/wp\/v2\/posts\/4903\/revisions\/4904"}],"wp:featuredmedia":[{"embeddable":true,"href":"https:\/\/cenida.una.edu.ni\/index.php\/wp-json\/wp\/v2\/media\/4892"}],"wp:attachment":[{"href":"https:\/\/cenida.una.edu.ni\/index.php\/wp-json\/wp\/v2\/media?parent=4903"}],"wp:term":[{"taxonomy":"category","embeddable":true,"href":"https:\/\/cenida.una.edu.ni\/index.php\/wp-json\/wp\/v2\/categories?post=4903"},{"taxonomy":"post_tag","embeddable":true,"href":"https:\/\/cenida.una.edu.ni\/index.php\/wp-json\/wp\/v2\/tags?post=4903"}],"curies":[{"name":"wp","href":"https:\/\/api.w.org\/{rel}","templated":true}]}}