{"id":4879,"date":"2023-04-27T09:28:26","date_gmt":"2023-04-27T15:28:26","guid":{"rendered":"https:\/\/cenida.una.edu.ni\/?p=4879"},"modified":"2023-05-05T09:29:42","modified_gmt":"2023-05-05T15:29:42","slug":"nicaragua-en-reunion-de-los-paises-de-america-latina-y-el-caribe-sobre-desarrollo-sostenible","status":"publish","type":"post","link":"https:\/\/cenida.una.edu.ni\/index.php\/2023\/04\/27\/nicaragua-en-reunion-de-los-paises-de-america-latina-y-el-caribe-sobre-desarrollo-sostenible\/","title":{"rendered":"Nicaragua en reuni\u00f3n de los Pa\u00edses de Am\u00e9rica Latina y el Caribe sobre Desarrollo Sostenible"},"content":{"rendered":"\n<p> Del 25 al 28 de Abril en <strong>Santiago de Chile<\/strong> se celebra el<strong> Foro de los Pa\u00edses de Am\u00e9rica Latina y el Caribe sobre el Desarrollo Sostenible en la sede de la CEPAL<\/strong> con la participaci\u00f3n de m\u00e1s de 50 Pa\u00edses. La Presidencia del Foro, es rotativa, este a\u00f1o, le corresponde a Argentina.  <a href=\"https:\/\/www.el19digital.com\/articulos\/ver\/titulo:139491-nicaragua-en-reunion-de-los-paises-de-america-latina-y-el-caribe-sobre-desarrollo-sostenible\" target=\"_blank\" rel=\"noreferrer noopener\" aria-label=\"Leer m\u00e1s... (opens in a new tab)\">Leer m\u00e1s&#8230;<\/a><\/p>\n","protected":false},"excerpt":{"rendered":"<p>Del 25 al 28 de Abril en Santiago de Chile se celebra el Foro de los Pa\u00edses de Am\u00e9rica Latina<\/p>\n","protected":false},"author":1,"featured_media":4869,"comment_status":"closed","ping_status":"closed","sticky":false,"template":"","format":"standard","meta":{"colormag_page_container_layout":"default_layout","colormag_page_sidebar_layout":"default_layout","footnotes":""},"categories":[11],"tags":[],"class_list":["post-4879","post","type-post","status-publish","format-standard","has-post-thumbnail","hentry","category-noticias-agropecuarias"],"_links":{"self":[{"href":"https:\/\/cenida.una.edu.ni\/index.php\/wp-json\/wp\/v2\/posts\/4879","targetHints":{"allow":["GET"]}}],"collection":[{"href":"https:\/\/cenida.una.edu.ni\/index.php\/wp-json\/wp\/v2\/posts"}],"about":[{"href":"https:\/\/cenida.una.edu.ni\/index.php\/wp-json\/wp\/v2\/types\/post"}],"author":[{"embeddable":true,"href":"https:\/\/cenida.una.edu.ni\/index.php\/wp-json\/wp\/v2\/users\/1"}],"replies":[{"embeddable":true,"href":"https:\/\/cenida.una.edu.ni\/index.php\/wp-json\/wp\/v2\/comments?post=4879"}],"version-history":[{"count":1,"href":"https:\/\/cenida.una.edu.ni\/index.php\/wp-json\/wp\/v2\/posts\/4879\/revisions"}],"predecessor-version":[{"id":4880,"href":"https:\/\/cenida.una.edu.ni\/index.php\/wp-json\/wp\/v2\/posts\/4879\/revisions\/4880"}],"wp:featuredmedia":[{"embeddable":true,"href":"https:\/\/cenida.una.edu.ni\/index.php\/wp-json\/wp\/v2\/media\/4869"}],"wp:attachment":[{"href":"https:\/\/cenida.una.edu.ni\/index.php\/wp-json\/wp\/v2\/media?parent=4879"}],"wp:term":[{"taxonomy":"category","embeddable":true,"href":"https:\/\/cenida.una.edu.ni\/index.php\/wp-json\/wp\/v2\/categories?post=4879"},{"taxonomy":"post_tag","embeddable":true,"href":"https:\/\/cenida.una.edu.ni\/index.php\/wp-json\/wp\/v2\/tags?post=4879"}],"curies":[{"name":"wp","href":"https:\/\/api.w.org\/{rel}","templated":true}]}}