{"id":4693,"date":"2023-03-22T11:57:13","date_gmt":"2023-03-22T17:57:13","guid":{"rendered":"https:\/\/cenida.una.edu.ni\/?p=4693"},"modified":"2023-03-27T11:58:06","modified_gmt":"2023-03-27T17:58:06","slug":"mefcca-realiza-encuentro-de-tecnologia-y-agroindustria-con-protagonistas-del-rubro-porcino","status":"publish","type":"post","link":"https:\/\/cenida.una.edu.ni\/index.php\/2023\/03\/22\/mefcca-realiza-encuentro-de-tecnologia-y-agroindustria-con-protagonistas-del-rubro-porcino\/","title":{"rendered":"Mefcca realiza encuentro de tecnolog\u00eda y agroindustria con protagonistas del rubro porcino"},"content":{"rendered":"\n<p><strong>El Ministerio de Econom\u00eda Familiar, Comunitaria, Cooperativa y Asociativa (Mefcca)<\/strong> realiz\u00f3 un encuentro de tecnolog\u00eda y agroindustria, dirigido a m\u00e1s de 100 productores y transformadores del sector porcino.  <a href=\"https:\/\/www.el19digital.com\/articulos\/ver\/titulo:138113-mefcca-realiza-encuentro-de-tecnologia-y-agroindustria-con-protagonistas-del-rubro-porcino.\" target=\"_blank\" rel=\"noreferrer noopener\" aria-label=\"Leer m\u00e1s... (opens in a new tab)\">Leer m\u00e1s&#8230;<\/a><\/p>\n","protected":false},"excerpt":{"rendered":"<p>El Ministerio de Econom\u00eda Familiar, Comunitaria, Cooperativa y Asociativa (Mefcca) realiz\u00f3 un encuentro de tecnolog\u00eda y agroindustria, dirigido a m\u00e1s<\/p>\n","protected":false},"author":1,"featured_media":4681,"comment_status":"closed","ping_status":"closed","sticky":false,"template":"","format":"standard","meta":{"colormag_page_container_layout":"default_layout","colormag_page_sidebar_layout":"default_layout","footnotes":""},"categories":[11],"tags":[],"class_list":["post-4693","post","type-post","status-publish","format-standard","has-post-thumbnail","hentry","category-noticias-agropecuarias"],"_links":{"self":[{"href":"https:\/\/cenida.una.edu.ni\/index.php\/wp-json\/wp\/v2\/posts\/4693","targetHints":{"allow":["GET"]}}],"collection":[{"href":"https:\/\/cenida.una.edu.ni\/index.php\/wp-json\/wp\/v2\/posts"}],"about":[{"href":"https:\/\/cenida.una.edu.ni\/index.php\/wp-json\/wp\/v2\/types\/post"}],"author":[{"embeddable":true,"href":"https:\/\/cenida.una.edu.ni\/index.php\/wp-json\/wp\/v2\/users\/1"}],"replies":[{"embeddable":true,"href":"https:\/\/cenida.una.edu.ni\/index.php\/wp-json\/wp\/v2\/comments?post=4693"}],"version-history":[{"count":1,"href":"https:\/\/cenida.una.edu.ni\/index.php\/wp-json\/wp\/v2\/posts\/4693\/revisions"}],"predecessor-version":[{"id":4694,"href":"https:\/\/cenida.una.edu.ni\/index.php\/wp-json\/wp\/v2\/posts\/4693\/revisions\/4694"}],"wp:featuredmedia":[{"embeddable":true,"href":"https:\/\/cenida.una.edu.ni\/index.php\/wp-json\/wp\/v2\/media\/4681"}],"wp:attachment":[{"href":"https:\/\/cenida.una.edu.ni\/index.php\/wp-json\/wp\/v2\/media?parent=4693"}],"wp:term":[{"taxonomy":"category","embeddable":true,"href":"https:\/\/cenida.una.edu.ni\/index.php\/wp-json\/wp\/v2\/categories?post=4693"},{"taxonomy":"post_tag","embeddable":true,"href":"https:\/\/cenida.una.edu.ni\/index.php\/wp-json\/wp\/v2\/tags?post=4693"}],"curies":[{"name":"wp","href":"https:\/\/api.w.org\/{rel}","templated":true}]}}