{"id":4646,"date":"2023-03-13T16:14:49","date_gmt":"2023-03-13T22:14:49","guid":{"rendered":"https:\/\/cenida.una.edu.ni\/?p=4646"},"modified":"2023-03-20T16:15:47","modified_gmt":"2023-03-20T22:15:47","slug":"a-que-se-debe-la-nubosidad-y-la-sensacion-de-calor-en-nicaragua","status":"publish","type":"post","link":"https:\/\/cenida.una.edu.ni\/index.php\/2023\/03\/13\/a-que-se-debe-la-nubosidad-y-la-sensacion-de-calor-en-nicaragua\/","title":{"rendered":"\u00bfA qu\u00e9 se debe la nubosidad y la sensaci\u00f3n de calor en Nicaragua?"},"content":{"rendered":"\n<p> El <strong>Instituto Nicarag\u00fcense de Estudios Territoriales (Ineter)<\/strong>  inform\u00f3 que producto de una baja presi\u00f3n el territorio registrar\u00e1  nubosidad, algunas precipitaciones y bastante sensaci\u00f3n de calor.  <a href=\"https:\/\/www.el19digital.com\/articulos\/ver\/titulo:137810-a-que-se-debe-la-nubosidad-y-la-sensacion-de-calor-en-nicaragua.\" target=\"_blank\" rel=\"noreferrer noopener\" aria-label=\"Leer m\u00e1s... (opens in a new tab)\">Leer m\u00e1s&#8230;<\/a><\/p>\n","protected":false},"excerpt":{"rendered":"<p>El Instituto Nicarag\u00fcense de Estudios Territoriales (Ineter) inform\u00f3 que producto de una baja presi\u00f3n el territorio registrar\u00e1 nubosidad, algunas precipitaciones<\/p>\n","protected":false},"author":1,"featured_media":4632,"comment_status":"closed","ping_status":"closed","sticky":false,"template":"","format":"standard","meta":{"colormag_page_container_layout":"default_layout","colormag_page_sidebar_layout":"default_layout","footnotes":""},"categories":[11],"tags":[],"class_list":["post-4646","post","type-post","status-publish","format-standard","has-post-thumbnail","hentry","category-noticias-agropecuarias"],"_links":{"self":[{"href":"https:\/\/cenida.una.edu.ni\/index.php\/wp-json\/wp\/v2\/posts\/4646","targetHints":{"allow":["GET"]}}],"collection":[{"href":"https:\/\/cenida.una.edu.ni\/index.php\/wp-json\/wp\/v2\/posts"}],"about":[{"href":"https:\/\/cenida.una.edu.ni\/index.php\/wp-json\/wp\/v2\/types\/post"}],"author":[{"embeddable":true,"href":"https:\/\/cenida.una.edu.ni\/index.php\/wp-json\/wp\/v2\/users\/1"}],"replies":[{"embeddable":true,"href":"https:\/\/cenida.una.edu.ni\/index.php\/wp-json\/wp\/v2\/comments?post=4646"}],"version-history":[{"count":1,"href":"https:\/\/cenida.una.edu.ni\/index.php\/wp-json\/wp\/v2\/posts\/4646\/revisions"}],"predecessor-version":[{"id":4647,"href":"https:\/\/cenida.una.edu.ni\/index.php\/wp-json\/wp\/v2\/posts\/4646\/revisions\/4647"}],"wp:featuredmedia":[{"embeddable":true,"href":"https:\/\/cenida.una.edu.ni\/index.php\/wp-json\/wp\/v2\/media\/4632"}],"wp:attachment":[{"href":"https:\/\/cenida.una.edu.ni\/index.php\/wp-json\/wp\/v2\/media?parent=4646"}],"wp:term":[{"taxonomy":"category","embeddable":true,"href":"https:\/\/cenida.una.edu.ni\/index.php\/wp-json\/wp\/v2\/categories?post=4646"},{"taxonomy":"post_tag","embeddable":true,"href":"https:\/\/cenida.una.edu.ni\/index.php\/wp-json\/wp\/v2\/tags?post=4646"}],"curies":[{"name":"wp","href":"https:\/\/api.w.org\/{rel}","templated":true}]}}