{"id":4607,"date":"2023-03-02T09:55:49","date_gmt":"2023-03-02T15:55:49","guid":{"rendered":"https:\/\/cenida.una.edu.ni\/?p=4607"},"modified":"2023-03-09T09:57:10","modified_gmt":"2023-03-09T15:57:10","slug":"encuentro-de-la-asociacion-federal-de-la-pequena-y-mediana-empresa-bvmw","status":"publish","type":"post","link":"https:\/\/cenida.una.edu.ni\/index.php\/2023\/03\/02\/encuentro-de-la-asociacion-federal-de-la-pequena-y-mediana-empresa-bvmw\/","title":{"rendered":"Encuentro de la Asociaci\u00f3n Federal de la Peque\u00f1a y Mediana Empresa (BVMW)"},"content":{"rendered":"\n<p> Por invitaci\u00f3n de la <strong>Asociaci\u00f3n Federal de la Peque\u00f1a y Mediana Empresa de Alemania (BVMW), Nicaragua<\/strong> particip\u00f3 a trav\u00e9s de su Embajada en Berl\u00edn, con un stand promocional en el<strong> Encuentro Anual de dicha Asociaci\u00f3n<\/strong>, realizado el mi\u00e9rcoles 1\u00ba de Marzo 2023.  <a href=\"https:\/\/www.el19digital.com\/articulos\/ver\/titulo:137485-encuentro-de-la-asociacion-federal-de-la-pequena-y-mediana-empresa-bvmw-\" target=\"_blank\" rel=\"noreferrer noopener\" aria-label=\"Leer m\u00e1s... (opens in a new tab)\">Leer m\u00e1s&#8230;<\/a><\/p>\n","protected":false},"excerpt":{"rendered":"<p>Por invitaci\u00f3n de la Asociaci\u00f3n Federal de la Peque\u00f1a y Mediana Empresa de Alemania (BVMW), Nicaragua particip\u00f3 a trav\u00e9s de<\/p>\n","protected":false},"author":1,"featured_media":0,"comment_status":"closed","ping_status":"closed","sticky":false,"template":"","format":"standard","meta":{"colormag_page_container_layout":"default_layout","colormag_page_sidebar_layout":"default_layout","footnotes":""},"categories":[11],"tags":[],"class_list":["post-4607","post","type-post","status-publish","format-standard","hentry","category-noticias-agropecuarias"],"_links":{"self":[{"href":"https:\/\/cenida.una.edu.ni\/index.php\/wp-json\/wp\/v2\/posts\/4607","targetHints":{"allow":["GET"]}}],"collection":[{"href":"https:\/\/cenida.una.edu.ni\/index.php\/wp-json\/wp\/v2\/posts"}],"about":[{"href":"https:\/\/cenida.una.edu.ni\/index.php\/wp-json\/wp\/v2\/types\/post"}],"author":[{"embeddable":true,"href":"https:\/\/cenida.una.edu.ni\/index.php\/wp-json\/wp\/v2\/users\/1"}],"replies":[{"embeddable":true,"href":"https:\/\/cenida.una.edu.ni\/index.php\/wp-json\/wp\/v2\/comments?post=4607"}],"version-history":[{"count":1,"href":"https:\/\/cenida.una.edu.ni\/index.php\/wp-json\/wp\/v2\/posts\/4607\/revisions"}],"predecessor-version":[{"id":4608,"href":"https:\/\/cenida.una.edu.ni\/index.php\/wp-json\/wp\/v2\/posts\/4607\/revisions\/4608"}],"wp:attachment":[{"href":"https:\/\/cenida.una.edu.ni\/index.php\/wp-json\/wp\/v2\/media?parent=4607"}],"wp:term":[{"taxonomy":"category","embeddable":true,"href":"https:\/\/cenida.una.edu.ni\/index.php\/wp-json\/wp\/v2\/categories?post=4607"},{"taxonomy":"post_tag","embeddable":true,"href":"https:\/\/cenida.una.edu.ni\/index.php\/wp-json\/wp\/v2\/tags?post=4607"}],"curies":[{"name":"wp","href":"https:\/\/api.w.org\/{rel}","templated":true}]}}