{"id":4546,"date":"2023-02-22T15:36:26","date_gmt":"2023-02-22T21:36:26","guid":{"rendered":"https:\/\/cenida.una.edu.ni\/?p=4546"},"modified":"2023-02-27T15:37:24","modified_gmt":"2023-02-27T21:37:24","slug":"ministros-de-agricultura-del-sica-se-reunen-para-el-fortalecimiento-agropecuario","status":"publish","type":"post","link":"https:\/\/cenida.una.edu.ni\/index.php\/2023\/02\/22\/ministros-de-agricultura-del-sica-se-reunen-para-el-fortalecimiento-agropecuario\/","title":{"rendered":"Ministros de Agricultura del SICA se re\u00fanen para el fortalecimiento agropecuario"},"content":{"rendered":"\n<p> El d\u00eda de hoy, 22 de Febrero, el <strong>Gobierno de Reconciliaci\u00f3n y Unidad Nacional, GRUN,<\/strong> particip\u00f3 en reuni\u00f3n virtual de Ministr@s de Agricultura del Sistema de la<strong> Integraci\u00f3n Centroamericana, SICA<\/strong>, del a\u00f1o 2023, con el fin de abordar temas de inter\u00e9s regional para el fortalecimiento del sector agropecuario. <a href=\"https:\/\/www.el19digital.com\/articulos\/ver\/titulo:137230-ministros-de-agricultura-del-sica-se-reunen-para-el-fortalecimiento-agropecuario.\" target=\"_blank\" rel=\"noreferrer noopener\" aria-label=\"Leer m\u00e1s... (opens in a new tab)\">Leer m\u00e1s&#8230;<\/a><\/p>\n","protected":false},"excerpt":{"rendered":"<p>El d\u00eda de hoy, 22 de Febrero, el Gobierno de Reconciliaci\u00f3n y Unidad Nacional, GRUN, particip\u00f3 en reuni\u00f3n virtual de<\/p>\n","protected":false},"author":1,"featured_media":4529,"comment_status":"closed","ping_status":"closed","sticky":false,"template":"","format":"standard","meta":{"colormag_page_container_layout":"default_layout","colormag_page_sidebar_layout":"default_layout","footnotes":""},"categories":[11],"tags":[],"class_list":["post-4546","post","type-post","status-publish","format-standard","has-post-thumbnail","hentry","category-noticias-agropecuarias"],"_links":{"self":[{"href":"https:\/\/cenida.una.edu.ni\/index.php\/wp-json\/wp\/v2\/posts\/4546","targetHints":{"allow":["GET"]}}],"collection":[{"href":"https:\/\/cenida.una.edu.ni\/index.php\/wp-json\/wp\/v2\/posts"}],"about":[{"href":"https:\/\/cenida.una.edu.ni\/index.php\/wp-json\/wp\/v2\/types\/post"}],"author":[{"embeddable":true,"href":"https:\/\/cenida.una.edu.ni\/index.php\/wp-json\/wp\/v2\/users\/1"}],"replies":[{"embeddable":true,"href":"https:\/\/cenida.una.edu.ni\/index.php\/wp-json\/wp\/v2\/comments?post=4546"}],"version-history":[{"count":1,"href":"https:\/\/cenida.una.edu.ni\/index.php\/wp-json\/wp\/v2\/posts\/4546\/revisions"}],"predecessor-version":[{"id":4548,"href":"https:\/\/cenida.una.edu.ni\/index.php\/wp-json\/wp\/v2\/posts\/4546\/revisions\/4548"}],"wp:featuredmedia":[{"embeddable":true,"href":"https:\/\/cenida.una.edu.ni\/index.php\/wp-json\/wp\/v2\/media\/4529"}],"wp:attachment":[{"href":"https:\/\/cenida.una.edu.ni\/index.php\/wp-json\/wp\/v2\/media?parent=4546"}],"wp:term":[{"taxonomy":"category","embeddable":true,"href":"https:\/\/cenida.una.edu.ni\/index.php\/wp-json\/wp\/v2\/categories?post=4546"},{"taxonomy":"post_tag","embeddable":true,"href":"https:\/\/cenida.una.edu.ni\/index.php\/wp-json\/wp\/v2\/tags?post=4546"}],"curies":[{"name":"wp","href":"https:\/\/api.w.org\/{rel}","templated":true}]}}