{"id":4380,"date":"2023-01-23T11:29:16","date_gmt":"2023-01-23T17:29:16","guid":{"rendered":"https:\/\/cenida.una.edu.ni\/?p=4380"},"modified":"2023-01-31T11:30:22","modified_gmt":"2023-01-31T17:30:22","slug":"inatec-inicia-inscripciones-para-la-temporada-de-entrenamiento-en-innovacion-abierta","status":"publish","type":"post","link":"https:\/\/cenida.una.edu.ni\/index.php\/2023\/01\/23\/inatec-inicia-inscripciones-para-la-temporada-de-entrenamiento-en-innovacion-abierta\/","title":{"rendered":"Inatec inicia inscripciones para la temporada de entrenamiento en Innovaci\u00f3n Abierta"},"content":{"rendered":"\n<p><strong>El Tecnol\u00f3gico Nacional<\/strong> a trav\u00e9s del <strong>Director de Tecnolog\u00eda Educativa, compa\u00f1ero Alexander Serrano,<\/strong> anunci\u00f3 la apertura de la convocatoria para la<strong> Temporada de Entrenamiento en Innovaci\u00f3n Abierta,<\/strong>  un espacio donde se impartir\u00e1n talleres cortos y conferencias  gratuitamente en las modalidades de b-learning, virtual y presencial.  <a href=\"https:\/\/www.el19digital.com\/articulos\/ver\/titulo:136270-inatec-inicia-inscripciones-para-la-temporada-de-entrenamiento-en-innovacion-abierta.\" target=\"_blank\" rel=\"noreferrer noopener\" aria-label=\"Leer m\u00e1s... (opens in a new tab)\">Leer m\u00e1s&#8230;<\/a><\/p>\n","protected":false},"excerpt":{"rendered":"<p>El Tecnol\u00f3gico Nacional a trav\u00e9s del Director de Tecnolog\u00eda Educativa, compa\u00f1ero Alexander Serrano, anunci\u00f3 la apertura de la convocatoria para<\/p>\n","protected":false},"author":1,"featured_media":4357,"comment_status":"closed","ping_status":"closed","sticky":false,"template":"","format":"standard","meta":{"colormag_page_container_layout":"default_layout","colormag_page_sidebar_layout":"default_layout","footnotes":""},"categories":[11],"tags":[],"class_list":["post-4380","post","type-post","status-publish","format-standard","has-post-thumbnail","hentry","category-noticias-agropecuarias"],"_links":{"self":[{"href":"https:\/\/cenida.una.edu.ni\/index.php\/wp-json\/wp\/v2\/posts\/4380","targetHints":{"allow":["GET"]}}],"collection":[{"href":"https:\/\/cenida.una.edu.ni\/index.php\/wp-json\/wp\/v2\/posts"}],"about":[{"href":"https:\/\/cenida.una.edu.ni\/index.php\/wp-json\/wp\/v2\/types\/post"}],"author":[{"embeddable":true,"href":"https:\/\/cenida.una.edu.ni\/index.php\/wp-json\/wp\/v2\/users\/1"}],"replies":[{"embeddable":true,"href":"https:\/\/cenida.una.edu.ni\/index.php\/wp-json\/wp\/v2\/comments?post=4380"}],"version-history":[{"count":1,"href":"https:\/\/cenida.una.edu.ni\/index.php\/wp-json\/wp\/v2\/posts\/4380\/revisions"}],"predecessor-version":[{"id":4381,"href":"https:\/\/cenida.una.edu.ni\/index.php\/wp-json\/wp\/v2\/posts\/4380\/revisions\/4381"}],"wp:featuredmedia":[{"embeddable":true,"href":"https:\/\/cenida.una.edu.ni\/index.php\/wp-json\/wp\/v2\/media\/4357"}],"wp:attachment":[{"href":"https:\/\/cenida.una.edu.ni\/index.php\/wp-json\/wp\/v2\/media?parent=4380"}],"wp:term":[{"taxonomy":"category","embeddable":true,"href":"https:\/\/cenida.una.edu.ni\/index.php\/wp-json\/wp\/v2\/categories?post=4380"},{"taxonomy":"post_tag","embeddable":true,"href":"https:\/\/cenida.una.edu.ni\/index.php\/wp-json\/wp\/v2\/tags?post=4380"}],"curies":[{"name":"wp","href":"https:\/\/api.w.org\/{rel}","templated":true}]}}