{"id":4184,"date":"2022-11-17T13:26:20","date_gmt":"2022-11-17T19:26:20","guid":{"rendered":"https:\/\/cenida.una.edu.ni\/?p=4184"},"modified":"2022-11-21T13:28:07","modified_gmt":"2022-11-21T19:28:07","slug":"gobierno-fortalece-capacidades-tecnicas-de-docentes-y-asesores-pedagogicos","status":"publish","type":"post","link":"https:\/\/cenida.una.edu.ni\/index.php\/2022\/11\/17\/gobierno-fortalece-capacidades-tecnicas-de-docentes-y-asesores-pedagogicos\/","title":{"rendered":"Gobierno fortalece capacidades t\u00e9cnicas de docentes y asesores pedag\u00f3gicos"},"content":{"rendered":"\n<p> Asesores pedag\u00f3gicos y directores de centros educativos finalizaron el<strong>  Curso de Formaci\u00f3n Pedag\u00f3gica y Cient\u00edfica en las asignaturas de Lengua  y Literatura, Ciencias F\u00edsico Natural, Ciencias Sociales y Educaci\u00f3n<\/strong>  para aprender, emprender y prosperar, impulsado por el Ministerio de  Educaci\u00f3n (Mined) en aras de fortalecer el sistema educativo a nivel  nacional. <a href=\"https:\/\/www.el19digital.com\/articulos\/ver\/titulo:134509-gobierno-fortalece-capacidades-tecnicas-de-docentes-y-asesores-pedagogicos\" target=\"_blank\" rel=\"noreferrer noopener\" aria-label=\" leer m\u00e1s... (opens in a new tab)\"> leer m\u00e1s&#8230;<\/a><\/p>\n","protected":false},"excerpt":{"rendered":"<p>Asesores pedag\u00f3gicos y directores de centros educativos finalizaron el Curso de Formaci\u00f3n Pedag\u00f3gica y Cient\u00edfica en las asignaturas de Lengua<\/p>\n","protected":false},"author":1,"featured_media":4168,"comment_status":"closed","ping_status":"closed","sticky":false,"template":"","format":"standard","meta":{"colormag_page_container_layout":"default_layout","colormag_page_sidebar_layout":"default_layout","footnotes":""},"categories":[11],"tags":[],"class_list":["post-4184","post","type-post","status-publish","format-standard","has-post-thumbnail","hentry","category-noticias-agropecuarias"],"_links":{"self":[{"href":"https:\/\/cenida.una.edu.ni\/index.php\/wp-json\/wp\/v2\/posts\/4184","targetHints":{"allow":["GET"]}}],"collection":[{"href":"https:\/\/cenida.una.edu.ni\/index.php\/wp-json\/wp\/v2\/posts"}],"about":[{"href":"https:\/\/cenida.una.edu.ni\/index.php\/wp-json\/wp\/v2\/types\/post"}],"author":[{"embeddable":true,"href":"https:\/\/cenida.una.edu.ni\/index.php\/wp-json\/wp\/v2\/users\/1"}],"replies":[{"embeddable":true,"href":"https:\/\/cenida.una.edu.ni\/index.php\/wp-json\/wp\/v2\/comments?post=4184"}],"version-history":[{"count":1,"href":"https:\/\/cenida.una.edu.ni\/index.php\/wp-json\/wp\/v2\/posts\/4184\/revisions"}],"predecessor-version":[{"id":4185,"href":"https:\/\/cenida.una.edu.ni\/index.php\/wp-json\/wp\/v2\/posts\/4184\/revisions\/4185"}],"wp:featuredmedia":[{"embeddable":true,"href":"https:\/\/cenida.una.edu.ni\/index.php\/wp-json\/wp\/v2\/media\/4168"}],"wp:attachment":[{"href":"https:\/\/cenida.una.edu.ni\/index.php\/wp-json\/wp\/v2\/media?parent=4184"}],"wp:term":[{"taxonomy":"category","embeddable":true,"href":"https:\/\/cenida.una.edu.ni\/index.php\/wp-json\/wp\/v2\/categories?post=4184"},{"taxonomy":"post_tag","embeddable":true,"href":"https:\/\/cenida.una.edu.ni\/index.php\/wp-json\/wp\/v2\/tags?post=4184"}],"curies":[{"name":"wp","href":"https:\/\/api.w.org\/{rel}","templated":true}]}}