{"id":4089,"date":"2022-10-17T13:23:08","date_gmt":"2022-10-17T19:23:08","guid":{"rendered":"https:\/\/cenida.una.edu.ni\/?p=4089"},"modified":"2022-10-21T13:24:38","modified_gmt":"2022-10-21T19:24:38","slug":"primer-frente-frio-ingresara-a-nicaragua-entre-viernes-y-sabado","status":"publish","type":"post","link":"https:\/\/cenida.una.edu.ni\/index.php\/2022\/10\/17\/primer-frente-frio-ingresara-a-nicaragua-entre-viernes-y-sabado\/","title":{"rendered":"Primer frente fr\u00edo ingresar\u00e1 a Nicaragua entre viernes y s\u00e1bado"},"content":{"rendered":"\n<p><strong>El Director de Meteorolog\u00eda del Instituto Nicarag\u00fcense de Estudios Territoriales (INETER) Marcio Baca<\/strong>,  dio a conocer el pron\u00f3stico del tiempo en los pr\u00f3ximos d\u00edas, en el cual  se destaca que ingresar\u00e1 el primer frente fr\u00edo proveniente del  hemisferio norte.  <a href=\"https:\/\/www.el19digital.com\/articulos\/ver\/titulo:133459-primer-frente-frio-ingresara-a-nicaragua-entre-viernes-y-sabado.\" target=\"_blank\" rel=\"noreferrer noopener\" aria-label=\"Leer m\u00e1s... (opens in a new tab)\">Leer m\u00e1s&#8230;<\/a><\/p>\n","protected":false},"excerpt":{"rendered":"<p>El Director de Meteorolog\u00eda del Instituto Nicarag\u00fcense de Estudios Territoriales (INETER) Marcio Baca, dio a conocer el pron\u00f3stico del tiempo<\/p>\n","protected":false},"author":1,"featured_media":4090,"comment_status":"closed","ping_status":"closed","sticky":false,"template":"","format":"standard","meta":{"colormag_page_container_layout":"default_layout","colormag_page_sidebar_layout":"default_layout","footnotes":""},"categories":[11],"tags":[],"class_list":["post-4089","post","type-post","status-publish","format-standard","has-post-thumbnail","hentry","category-noticias-agropecuarias"],"_links":{"self":[{"href":"https:\/\/cenida.una.edu.ni\/index.php\/wp-json\/wp\/v2\/posts\/4089","targetHints":{"allow":["GET"]}}],"collection":[{"href":"https:\/\/cenida.una.edu.ni\/index.php\/wp-json\/wp\/v2\/posts"}],"about":[{"href":"https:\/\/cenida.una.edu.ni\/index.php\/wp-json\/wp\/v2\/types\/post"}],"author":[{"embeddable":true,"href":"https:\/\/cenida.una.edu.ni\/index.php\/wp-json\/wp\/v2\/users\/1"}],"replies":[{"embeddable":true,"href":"https:\/\/cenida.una.edu.ni\/index.php\/wp-json\/wp\/v2\/comments?post=4089"}],"version-history":[{"count":1,"href":"https:\/\/cenida.una.edu.ni\/index.php\/wp-json\/wp\/v2\/posts\/4089\/revisions"}],"predecessor-version":[{"id":4093,"href":"https:\/\/cenida.una.edu.ni\/index.php\/wp-json\/wp\/v2\/posts\/4089\/revisions\/4093"}],"wp:featuredmedia":[{"embeddable":true,"href":"https:\/\/cenida.una.edu.ni\/index.php\/wp-json\/wp\/v2\/media\/4090"}],"wp:attachment":[{"href":"https:\/\/cenida.una.edu.ni\/index.php\/wp-json\/wp\/v2\/media?parent=4089"}],"wp:term":[{"taxonomy":"category","embeddable":true,"href":"https:\/\/cenida.una.edu.ni\/index.php\/wp-json\/wp\/v2\/categories?post=4089"},{"taxonomy":"post_tag","embeddable":true,"href":"https:\/\/cenida.una.edu.ni\/index.php\/wp-json\/wp\/v2\/tags?post=4089"}],"curies":[{"name":"wp","href":"https:\/\/api.w.org\/{rel}","templated":true}]}}