{"id":4057,"date":"2022-10-07T13:53:51","date_gmt":"2022-10-07T19:53:51","guid":{"rendered":"https:\/\/cenida.una.edu.ni\/?p=4057"},"modified":"2022-10-13T14:17:24","modified_gmt":"2022-10-13T20:17:24","slug":"nicaragua-participa-en-foro-de-turismo-social-solidario-y-sostenible","status":"publish","type":"post","link":"https:\/\/cenida.una.edu.ni\/index.php\/2022\/10\/07\/nicaragua-participa-en-foro-de-turismo-social-solidario-y-sostenible\/","title":{"rendered":"Nicaragua participa en Foro de Turismo Social, Solidario y Sostenible"},"content":{"rendered":"\n<p> En Ciudad de Guatemala, se llev\u00f3 a cabo el<strong> 5 y 6 de Octubre el Foro de Turismo Social, Solidario y Sostenible<\/strong>, organizado por la<strong>  Secretar\u00eda de Integraci\u00f3n Tur\u00edstica Centroamericana, SITCA; la  Organizaci\u00f3n Internacional de Turismo Social, ISTO, y el Instituto  Guatemalteco de Turismo;<\/strong> Nicaragua particip\u00f3 a trav\u00e9s de la Codirectora del Instituto Nicarag\u00fcense de Turismo, INTUR, Compa\u00f1era Yaosca Calder\u00f3n Mart\u00edn.  <a href=\"https:\/\/www.el19digital.com\/articulos\/ver\/titulo:133111-nicaragua-participa-en-foro-de-turismo-social-solidario-y-sostenible\" target=\"_blank\" rel=\"noreferrer noopener\" aria-label=\"Leer m\u00e1s... (opens in a new tab)\">Leer m\u00e1s&#8230;<\/a><\/p>\n","protected":false},"excerpt":{"rendered":"<p>En Ciudad de Guatemala, se llev\u00f3 a cabo el 5 y 6 de Octubre el Foro de Turismo Social, Solidario<\/p>\n","protected":false},"author":1,"featured_media":4058,"comment_status":"closed","ping_status":"closed","sticky":false,"template":"","format":"standard","meta":{"colormag_page_container_layout":"default_layout","colormag_page_sidebar_layout":"default_layout","footnotes":""},"categories":[11],"tags":[],"class_list":["post-4057","post","type-post","status-publish","format-standard","has-post-thumbnail","hentry","category-noticias-agropecuarias"],"_links":{"self":[{"href":"https:\/\/cenida.una.edu.ni\/index.php\/wp-json\/wp\/v2\/posts\/4057","targetHints":{"allow":["GET"]}}],"collection":[{"href":"https:\/\/cenida.una.edu.ni\/index.php\/wp-json\/wp\/v2\/posts"}],"about":[{"href":"https:\/\/cenida.una.edu.ni\/index.php\/wp-json\/wp\/v2\/types\/post"}],"author":[{"embeddable":true,"href":"https:\/\/cenida.una.edu.ni\/index.php\/wp-json\/wp\/v2\/users\/1"}],"replies":[{"embeddable":true,"href":"https:\/\/cenida.una.edu.ni\/index.php\/wp-json\/wp\/v2\/comments?post=4057"}],"version-history":[{"count":1,"href":"https:\/\/cenida.una.edu.ni\/index.php\/wp-json\/wp\/v2\/posts\/4057\/revisions"}],"predecessor-version":[{"id":4059,"href":"https:\/\/cenida.una.edu.ni\/index.php\/wp-json\/wp\/v2\/posts\/4057\/revisions\/4059"}],"wp:featuredmedia":[{"embeddable":true,"href":"https:\/\/cenida.una.edu.ni\/index.php\/wp-json\/wp\/v2\/media\/4058"}],"wp:attachment":[{"href":"https:\/\/cenida.una.edu.ni\/index.php\/wp-json\/wp\/v2\/media?parent=4057"}],"wp:term":[{"taxonomy":"category","embeddable":true,"href":"https:\/\/cenida.una.edu.ni\/index.php\/wp-json\/wp\/v2\/categories?post=4057"},{"taxonomy":"post_tag","embeddable":true,"href":"https:\/\/cenida.una.edu.ni\/index.php\/wp-json\/wp\/v2\/tags?post=4057"}],"curies":[{"name":"wp","href":"https:\/\/api.w.org\/{rel}","templated":true}]}}