{"id":4045,"date":"2022-10-05T13:36:24","date_gmt":"2022-10-05T19:36:24","guid":{"rendered":"https:\/\/cenida.una.edu.ni\/?p=4045"},"modified":"2022-10-13T13:49:51","modified_gmt":"2022-10-13T19:49:51","slug":"estos-son-los-numeros-de-la-produccion-nacional-de-carne-de-cerdo-de-enero-agosto-2022","status":"publish","type":"post","link":"https:\/\/cenida.una.edu.ni\/index.php\/2022\/10\/05\/estos-son-los-numeros-de-la-produccion-nacional-de-carne-de-cerdo-de-enero-agosto-2022\/","title":{"rendered":"Estos son los n\u00fameros de la producci\u00f3n nacional de carne de cerdo de enero-agosto 2022"},"content":{"rendered":"\n<p><strong>El Gobierno de Reconciliaci\u00f3n y Unidad Nacional<\/strong>, a trav\u00e9s del S<strong>istema Nacional de Producci\u00f3n, Consumo y Comercio<\/strong>,  impulsa Programas y Estrategias para incrementar la producci\u00f3n pecuaria  de Peque\u00f1os y Medianos Productores ganaderos, que aseguran el  abastecimiento nacional y motivan al crecimiento de las exportaciones. <a href=\"https:\/\/www.el19digital.com\/articulos\/ver\/titulo:133038-estos-son-los-numeros-de-la-produccion-nacional-de-carne-de-cerdo-de-enero-agosto-2022\" target=\"_blank\" rel=\"noreferrer noopener\" aria-label=\"Leer m\u00e1s... (opens in a new tab)\">Leer m\u00e1s&#8230;<\/a><\/p>\n","protected":false},"excerpt":{"rendered":"<p>El Gobierno de Reconciliaci\u00f3n y Unidad Nacional, a trav\u00e9s del Sistema Nacional de Producci\u00f3n, Consumo y Comercio, impulsa Programas y<\/p>\n","protected":false},"author":1,"featured_media":4046,"comment_status":"closed","ping_status":"closed","sticky":false,"template":"","format":"standard","meta":{"colormag_page_container_layout":"default_layout","colormag_page_sidebar_layout":"default_layout","footnotes":""},"categories":[11],"tags":[],"class_list":["post-4045","post","type-post","status-publish","format-standard","has-post-thumbnail","hentry","category-noticias-agropecuarias"],"_links":{"self":[{"href":"https:\/\/cenida.una.edu.ni\/index.php\/wp-json\/wp\/v2\/posts\/4045","targetHints":{"allow":["GET"]}}],"collection":[{"href":"https:\/\/cenida.una.edu.ni\/index.php\/wp-json\/wp\/v2\/posts"}],"about":[{"href":"https:\/\/cenida.una.edu.ni\/index.php\/wp-json\/wp\/v2\/types\/post"}],"author":[{"embeddable":true,"href":"https:\/\/cenida.una.edu.ni\/index.php\/wp-json\/wp\/v2\/users\/1"}],"replies":[{"embeddable":true,"href":"https:\/\/cenida.una.edu.ni\/index.php\/wp-json\/wp\/v2\/comments?post=4045"}],"version-history":[{"count":1,"href":"https:\/\/cenida.una.edu.ni\/index.php\/wp-json\/wp\/v2\/posts\/4045\/revisions"}],"predecessor-version":[{"id":4047,"href":"https:\/\/cenida.una.edu.ni\/index.php\/wp-json\/wp\/v2\/posts\/4045\/revisions\/4047"}],"wp:featuredmedia":[{"embeddable":true,"href":"https:\/\/cenida.una.edu.ni\/index.php\/wp-json\/wp\/v2\/media\/4046"}],"wp:attachment":[{"href":"https:\/\/cenida.una.edu.ni\/index.php\/wp-json\/wp\/v2\/media?parent=4045"}],"wp:term":[{"taxonomy":"category","embeddable":true,"href":"https:\/\/cenida.una.edu.ni\/index.php\/wp-json\/wp\/v2\/categories?post=4045"},{"taxonomy":"post_tag","embeddable":true,"href":"https:\/\/cenida.una.edu.ni\/index.php\/wp-json\/wp\/v2\/tags?post=4045"}],"curies":[{"name":"wp","href":"https:\/\/api.w.org\/{rel}","templated":true}]}}