{"id":3992,"date":"2022-09-28T11:35:15","date_gmt":"2022-09-28T17:35:15","guid":{"rendered":"https:\/\/cenida.una.edu.ni\/?p=3992"},"modified":"2022-10-03T11:36:37","modified_gmt":"2022-10-03T17:36:37","slug":"nicaragua-en-57a-sesion-intergubernamental-sobre-cambio-climatico-de-la-onu","status":"publish","type":"post","link":"https:\/\/cenida.una.edu.ni\/index.php\/2022\/09\/28\/nicaragua-en-57a-sesion-intergubernamental-sobre-cambio-climatico-de-la-onu\/","title":{"rendered":"Nicaragua en 57\u00aa sesi\u00f3n intergubernamental sobre cambio clim\u00e1tico de la ONU"},"content":{"rendered":"\n<p> Este mi\u00e9rcoles 28 de septiembre,<strong> Nicaragua\u00a0particip\u00f3 en la 57\u00aa sesi\u00f3n del Panel Intergubernamental sobre Cambio Clim\u00e1tico (IPCC-57),<\/strong> que se est\u00e1 llevando a cabo e<strong>n Ginebra, Suiza, del 27 al 30 de Septiembre.<\/strong> <a href=\"https:\/\/www.el19digital.com\/articulos\/ver\/titulo:132756-nicaragua-en-57-sesion-intergubernamental-sobre-cambio-climatico-de-la-onu.\" target=\"_blank\" rel=\"noreferrer noopener\" aria-label=\"Leer m\u00e1s... (opens in a new tab)\">Leer m\u00e1s&#8230;<\/a><\/p>\n","protected":false},"excerpt":{"rendered":"<p>Este mi\u00e9rcoles 28 de septiembre, Nicaragua\u00a0particip\u00f3 en la 57\u00aa sesi\u00f3n del Panel Intergubernamental sobre Cambio Clim\u00e1tico (IPCC-57), que se est\u00e1<\/p>\n","protected":false},"author":1,"featured_media":3977,"comment_status":"closed","ping_status":"closed","sticky":false,"template":"","format":"standard","meta":{"colormag_page_container_layout":"default_layout","colormag_page_sidebar_layout":"default_layout","footnotes":""},"categories":[11],"tags":[],"class_list":["post-3992","post","type-post","status-publish","format-standard","has-post-thumbnail","hentry","category-noticias-agropecuarias"],"_links":{"self":[{"href":"https:\/\/cenida.una.edu.ni\/index.php\/wp-json\/wp\/v2\/posts\/3992","targetHints":{"allow":["GET"]}}],"collection":[{"href":"https:\/\/cenida.una.edu.ni\/index.php\/wp-json\/wp\/v2\/posts"}],"about":[{"href":"https:\/\/cenida.una.edu.ni\/index.php\/wp-json\/wp\/v2\/types\/post"}],"author":[{"embeddable":true,"href":"https:\/\/cenida.una.edu.ni\/index.php\/wp-json\/wp\/v2\/users\/1"}],"replies":[{"embeddable":true,"href":"https:\/\/cenida.una.edu.ni\/index.php\/wp-json\/wp\/v2\/comments?post=3992"}],"version-history":[{"count":1,"href":"https:\/\/cenida.una.edu.ni\/index.php\/wp-json\/wp\/v2\/posts\/3992\/revisions"}],"predecessor-version":[{"id":3993,"href":"https:\/\/cenida.una.edu.ni\/index.php\/wp-json\/wp\/v2\/posts\/3992\/revisions\/3993"}],"wp:featuredmedia":[{"embeddable":true,"href":"https:\/\/cenida.una.edu.ni\/index.php\/wp-json\/wp\/v2\/media\/3977"}],"wp:attachment":[{"href":"https:\/\/cenida.una.edu.ni\/index.php\/wp-json\/wp\/v2\/media?parent=3992"}],"wp:term":[{"taxonomy":"category","embeddable":true,"href":"https:\/\/cenida.una.edu.ni\/index.php\/wp-json\/wp\/v2\/categories?post=3992"},{"taxonomy":"post_tag","embeddable":true,"href":"https:\/\/cenida.una.edu.ni\/index.php\/wp-json\/wp\/v2\/tags?post=3992"}],"curies":[{"name":"wp","href":"https:\/\/api.w.org\/{rel}","templated":true}]}}