{"id":3926,"date":"2022-09-05T09:31:54","date_gmt":"2022-09-05T15:31:54","guid":{"rendered":"https:\/\/cenida.una.edu.ni\/?p=3926"},"modified":"2022-09-08T09:33:03","modified_gmt":"2022-09-08T15:33:03","slug":"inatec-presenta-nuevo-centro-tecnologico-especializado-en-agroindustria","status":"publish","type":"post","link":"https:\/\/cenida.una.edu.ni\/index.php\/2022\/09\/05\/inatec-presenta-nuevo-centro-tecnologico-especializado-en-agroindustria\/","title":{"rendered":"INATEC presenta nuevo Centro Tecnol\u00f3gico especializado en agroindustria"},"content":{"rendered":"\n<p><strong>El Gobierno de Reconciliaci\u00f3n y Unidad Nacional, a trav\u00e9s del Tecnol\u00f3gico Nacional, INATEC,<\/strong>\u00a0present\u00f3 el proyecto de rehabilitaci\u00f3n y mejoras del nuevo\u00a0<strong>Centro Tecnol\u00f3gico Monimb\u00f3 Heroico,<\/strong> cuya especialidad ser\u00e1n las carreras de agroindustria.  <a href=\"https:\/\/www.el19digital.com\/articulos\/ver\/titulo:132026-inatec-presenta-nuevo-centro-tecnologico-especializado-en-agroindustria.\" target=\"_blank\" rel=\"noreferrer noopener\" aria-label=\"Leer m\u00e1s... (opens in a new tab)\">Leer m\u00e1s&#8230;<\/a><\/p>\n","protected":false},"excerpt":{"rendered":"<p>El Gobierno de Reconciliaci\u00f3n y Unidad Nacional, a trav\u00e9s del Tecnol\u00f3gico Nacional, INATEC,\u00a0present\u00f3 el proyecto de rehabilitaci\u00f3n y mejoras del<\/p>\n","protected":false},"author":1,"featured_media":3916,"comment_status":"closed","ping_status":"closed","sticky":false,"template":"","format":"standard","meta":{"colormag_page_container_layout":"default_layout","colormag_page_sidebar_layout":"default_layout","footnotes":""},"categories":[11],"tags":[],"class_list":["post-3926","post","type-post","status-publish","format-standard","has-post-thumbnail","hentry","category-noticias-agropecuarias"],"_links":{"self":[{"href":"https:\/\/cenida.una.edu.ni\/index.php\/wp-json\/wp\/v2\/posts\/3926","targetHints":{"allow":["GET"]}}],"collection":[{"href":"https:\/\/cenida.una.edu.ni\/index.php\/wp-json\/wp\/v2\/posts"}],"about":[{"href":"https:\/\/cenida.una.edu.ni\/index.php\/wp-json\/wp\/v2\/types\/post"}],"author":[{"embeddable":true,"href":"https:\/\/cenida.una.edu.ni\/index.php\/wp-json\/wp\/v2\/users\/1"}],"replies":[{"embeddable":true,"href":"https:\/\/cenida.una.edu.ni\/index.php\/wp-json\/wp\/v2\/comments?post=3926"}],"version-history":[{"count":1,"href":"https:\/\/cenida.una.edu.ni\/index.php\/wp-json\/wp\/v2\/posts\/3926\/revisions"}],"predecessor-version":[{"id":3927,"href":"https:\/\/cenida.una.edu.ni\/index.php\/wp-json\/wp\/v2\/posts\/3926\/revisions\/3927"}],"wp:featuredmedia":[{"embeddable":true,"href":"https:\/\/cenida.una.edu.ni\/index.php\/wp-json\/wp\/v2\/media\/3916"}],"wp:attachment":[{"href":"https:\/\/cenida.una.edu.ni\/index.php\/wp-json\/wp\/v2\/media?parent=3926"}],"wp:term":[{"taxonomy":"category","embeddable":true,"href":"https:\/\/cenida.una.edu.ni\/index.php\/wp-json\/wp\/v2\/categories?post=3926"},{"taxonomy":"post_tag","embeddable":true,"href":"https:\/\/cenida.una.edu.ni\/index.php\/wp-json\/wp\/v2\/tags?post=3926"}],"curies":[{"name":"wp","href":"https:\/\/api.w.org\/{rel}","templated":true}]}}