{"id":3845,"date":"2022-08-25T09:03:21","date_gmt":"2022-08-25T15:03:21","guid":{"rendered":"https:\/\/cenida.una.edu.ni\/?p=3845"},"modified":"2022-08-29T09:04:47","modified_gmt":"2022-08-29T15:04:47","slug":"autoridades-de-nicaragua-vigilan-onda-tropical-en-el-mar-caribe","status":"publish","type":"post","link":"https:\/\/cenida.una.edu.ni\/index.php\/2022\/08\/25\/autoridades-de-nicaragua-vigilan-onda-tropical-en-el-mar-caribe\/","title":{"rendered":"Autoridades de Nicaragua vigilan onda tropical en el Mar Caribe"},"content":{"rendered":"\n<p> Los compa\u00f1eros especialistas del\u00a0<strong>INETER<\/strong> nos informan sobre un fen\u00f3meno (\u00e1rea de disturbio atmosf\u00e9rico) que se localiza actualmente en el Mar Caribe.  <a href=\"https:\/\/www.el19digital.com\/articulos\/ver\/titulo:131673-autoridades-de-nicaragua-vigilan-onda-tropical-en-el-mar-caribe-.\" target=\"_blank\" rel=\"noreferrer noopener\" aria-label=\"Leer m\u00e1s... (opens in a new tab)\">Leer m\u00e1s&#8230;<\/a><\/p>\n","protected":false},"excerpt":{"rendered":"<p>Los compa\u00f1eros especialistas del\u00a0INETER nos informan sobre un fen\u00f3meno (\u00e1rea de disturbio atmosf\u00e9rico) que se localiza actualmente en el Mar<\/p>\n","protected":false},"author":1,"featured_media":3846,"comment_status":"closed","ping_status":"closed","sticky":false,"template":"","format":"standard","meta":{"colormag_page_container_layout":"default_layout","colormag_page_sidebar_layout":"default_layout","footnotes":""},"categories":[11],"tags":[],"class_list":["post-3845","post","type-post","status-publish","format-standard","has-post-thumbnail","hentry","category-noticias-agropecuarias"],"_links":{"self":[{"href":"https:\/\/cenida.una.edu.ni\/index.php\/wp-json\/wp\/v2\/posts\/3845","targetHints":{"allow":["GET"]}}],"collection":[{"href":"https:\/\/cenida.una.edu.ni\/index.php\/wp-json\/wp\/v2\/posts"}],"about":[{"href":"https:\/\/cenida.una.edu.ni\/index.php\/wp-json\/wp\/v2\/types\/post"}],"author":[{"embeddable":true,"href":"https:\/\/cenida.una.edu.ni\/index.php\/wp-json\/wp\/v2\/users\/1"}],"replies":[{"embeddable":true,"href":"https:\/\/cenida.una.edu.ni\/index.php\/wp-json\/wp\/v2\/comments?post=3845"}],"version-history":[{"count":1,"href":"https:\/\/cenida.una.edu.ni\/index.php\/wp-json\/wp\/v2\/posts\/3845\/revisions"}],"predecessor-version":[{"id":3847,"href":"https:\/\/cenida.una.edu.ni\/index.php\/wp-json\/wp\/v2\/posts\/3845\/revisions\/3847"}],"wp:featuredmedia":[{"embeddable":true,"href":"https:\/\/cenida.una.edu.ni\/index.php\/wp-json\/wp\/v2\/media\/3846"}],"wp:attachment":[{"href":"https:\/\/cenida.una.edu.ni\/index.php\/wp-json\/wp\/v2\/media?parent=3845"}],"wp:term":[{"taxonomy":"category","embeddable":true,"href":"https:\/\/cenida.una.edu.ni\/index.php\/wp-json\/wp\/v2\/categories?post=3845"},{"taxonomy":"post_tag","embeddable":true,"href":"https:\/\/cenida.una.edu.ni\/index.php\/wp-json\/wp\/v2\/tags?post=3845"}],"curies":[{"name":"wp","href":"https:\/\/api.w.org\/{rel}","templated":true}]}}