{"id":3771,"date":"2022-08-17T16:08:49","date_gmt":"2022-08-17T22:08:49","guid":{"rendered":"https:\/\/cenida.una.edu.ni\/?p=3771"},"modified":"2022-08-19T16:09:57","modified_gmt":"2022-08-19T22:09:57","slug":"realizan-ii-taller-sobre-teledeteccion-aplicada-a-indices-de-vegetacion-y-quema","status":"publish","type":"post","link":"https:\/\/cenida.una.edu.ni\/index.php\/2022\/08\/17\/realizan-ii-taller-sobre-teledeteccion-aplicada-a-indices-de-vegetacion-y-quema\/","title":{"rendered":"Realizan II Taller sobre Teledetecci\u00f3n aplicada a \u00edndices de vegetaci\u00f3n y quema"},"content":{"rendered":"\n<p><strong>El Instituto Nacional Forestal (Inafor),<\/strong>\u00a0desarroll\u00f3 el\u00a0<strong>II Taller sobre Teledetecci\u00f3n aplicada a \u00edndices de vegetaci\u00f3n y quema,<\/strong> la actividad se realiz\u00f3 en el auditorio Arlen Siu de esa entidad.  <a href=\"https:\/\/www.el19digital.com\/articulos\/ver\/titulo:131371-realizan-ii-taller-sobre-teledeteccion-aplicada-a-indices-de-vegetacion-y-quema.\" target=\"_blank\" rel=\"noreferrer noopener\" aria-label=\"Leer m\u00e1s... (opens in a new tab)\">Leer m\u00e1s&#8230;<\/a><\/p>\n","protected":false},"excerpt":{"rendered":"<p>El Instituto Nacional Forestal (Inafor),\u00a0desarroll\u00f3 el\u00a0II Taller sobre Teledetecci\u00f3n aplicada a \u00edndices de vegetaci\u00f3n y quema, la actividad se realiz\u00f3<\/p>\n","protected":false},"author":1,"featured_media":3757,"comment_status":"closed","ping_status":"closed","sticky":false,"template":"","format":"standard","meta":{"colormag_page_container_layout":"default_layout","colormag_page_sidebar_layout":"default_layout","footnotes":""},"categories":[11],"tags":[],"class_list":["post-3771","post","type-post","status-publish","format-standard","has-post-thumbnail","hentry","category-noticias-agropecuarias"],"_links":{"self":[{"href":"https:\/\/cenida.una.edu.ni\/index.php\/wp-json\/wp\/v2\/posts\/3771","targetHints":{"allow":["GET"]}}],"collection":[{"href":"https:\/\/cenida.una.edu.ni\/index.php\/wp-json\/wp\/v2\/posts"}],"about":[{"href":"https:\/\/cenida.una.edu.ni\/index.php\/wp-json\/wp\/v2\/types\/post"}],"author":[{"embeddable":true,"href":"https:\/\/cenida.una.edu.ni\/index.php\/wp-json\/wp\/v2\/users\/1"}],"replies":[{"embeddable":true,"href":"https:\/\/cenida.una.edu.ni\/index.php\/wp-json\/wp\/v2\/comments?post=3771"}],"version-history":[{"count":1,"href":"https:\/\/cenida.una.edu.ni\/index.php\/wp-json\/wp\/v2\/posts\/3771\/revisions"}],"predecessor-version":[{"id":3773,"href":"https:\/\/cenida.una.edu.ni\/index.php\/wp-json\/wp\/v2\/posts\/3771\/revisions\/3773"}],"wp:featuredmedia":[{"embeddable":true,"href":"https:\/\/cenida.una.edu.ni\/index.php\/wp-json\/wp\/v2\/media\/3757"}],"wp:attachment":[{"href":"https:\/\/cenida.una.edu.ni\/index.php\/wp-json\/wp\/v2\/media?parent=3771"}],"wp:term":[{"taxonomy":"category","embeddable":true,"href":"https:\/\/cenida.una.edu.ni\/index.php\/wp-json\/wp\/v2\/categories?post=3771"},{"taxonomy":"post_tag","embeddable":true,"href":"https:\/\/cenida.una.edu.ni\/index.php\/wp-json\/wp\/v2\/tags?post=3771"}],"curies":[{"name":"wp","href":"https:\/\/api.w.org\/{rel}","templated":true}]}}