{"id":3668,"date":"2022-08-03T10:28:11","date_gmt":"2022-08-03T16:28:11","guid":{"rendered":"https:\/\/cenida.una.edu.ni\/?p=3668"},"modified":"2022-08-08T10:37:28","modified_gmt":"2022-08-08T16:37:28","slug":"nicaragua-sismo-de-magnitud-52-sacude-las-costas-del-pacifico","status":"publish","type":"post","link":"https:\/\/cenida.una.edu.ni\/index.php\/2022\/08\/03\/nicaragua-sismo-de-magnitud-52-sacude-las-costas-del-pacifico\/","title":{"rendered":"Nicaragua: Sismo de magnitud 5,2 sacude las costas del pac\u00edfico"},"content":{"rendered":"\n<p> Un\u00a0<strong>sismo<\/strong>\u00a0de\u00a0<strong>magnitud<\/strong>\u00a05,2 en la escala de Richter\u00a0<strong>sacudi\u00f3<\/strong>\u00a0este mi\u00e9rcoles a las 3:55 p.m\u00a0<strong>la costa del Pac\u00edfico de Nicaragua<\/strong>, as\u00ed lo inform\u00f3 la<strong>\u00a0Vicepresidenta de Nicaragua, Compa\u00f1era Rosario Murillo.<\/strong>  <a href=\"https:\/\/www.el19digital.com\/articulos\/ver\/titulo:130937-nicaragua-sismo-de-magnitud-52-sacude-las-costas-del-pacifico.\" target=\"_blank\" rel=\"noreferrer noopener\" aria-label=\"Leer m\u00e1s... (opens in a new tab)\">Leer m\u00e1s&#8230;<\/a><\/p>\n","protected":false},"excerpt":{"rendered":"<p>Un\u00a0sismo\u00a0de\u00a0magnitud\u00a05,2 en la escala de Richter\u00a0sacudi\u00f3\u00a0este mi\u00e9rcoles a las 3:55 p.m\u00a0la costa del Pac\u00edfico de Nicaragua, as\u00ed lo inform\u00f3 la\u00a0Vicepresidenta<\/p>\n","protected":false},"author":1,"featured_media":3669,"comment_status":"closed","ping_status":"closed","sticky":false,"template":"","format":"standard","meta":{"colormag_page_container_layout":"default_layout","colormag_page_sidebar_layout":"default_layout","footnotes":""},"categories":[11],"tags":[],"class_list":["post-3668","post","type-post","status-publish","format-standard","has-post-thumbnail","hentry","category-noticias-agropecuarias"],"_links":{"self":[{"href":"https:\/\/cenida.una.edu.ni\/index.php\/wp-json\/wp\/v2\/posts\/3668","targetHints":{"allow":["GET"]}}],"collection":[{"href":"https:\/\/cenida.una.edu.ni\/index.php\/wp-json\/wp\/v2\/posts"}],"about":[{"href":"https:\/\/cenida.una.edu.ni\/index.php\/wp-json\/wp\/v2\/types\/post"}],"author":[{"embeddable":true,"href":"https:\/\/cenida.una.edu.ni\/index.php\/wp-json\/wp\/v2\/users\/1"}],"replies":[{"embeddable":true,"href":"https:\/\/cenida.una.edu.ni\/index.php\/wp-json\/wp\/v2\/comments?post=3668"}],"version-history":[{"count":1,"href":"https:\/\/cenida.una.edu.ni\/index.php\/wp-json\/wp\/v2\/posts\/3668\/revisions"}],"predecessor-version":[{"id":3670,"href":"https:\/\/cenida.una.edu.ni\/index.php\/wp-json\/wp\/v2\/posts\/3668\/revisions\/3670"}],"wp:featuredmedia":[{"embeddable":true,"href":"https:\/\/cenida.una.edu.ni\/index.php\/wp-json\/wp\/v2\/media\/3669"}],"wp:attachment":[{"href":"https:\/\/cenida.una.edu.ni\/index.php\/wp-json\/wp\/v2\/media?parent=3668"}],"wp:term":[{"taxonomy":"category","embeddable":true,"href":"https:\/\/cenida.una.edu.ni\/index.php\/wp-json\/wp\/v2\/categories?post=3668"},{"taxonomy":"post_tag","embeddable":true,"href":"https:\/\/cenida.una.edu.ni\/index.php\/wp-json\/wp\/v2\/tags?post=3668"}],"curies":[{"name":"wp","href":"https:\/\/api.w.org\/{rel}","templated":true}]}}