{"id":3598,"date":"2022-07-11T16:12:00","date_gmt":"2022-07-11T22:12:00","guid":{"rendered":"https:\/\/cenida.una.edu.ni\/?p=3598"},"modified":"2022-07-15T16:13:22","modified_gmt":"2022-07-15T22:13:22","slug":"ineter-pronostica-mas-lluvias-en-nicaragua-por-nueva-onda-tropical","status":"publish","type":"post","link":"https:\/\/cenida.una.edu.ni\/index.php\/2022\/07\/11\/ineter-pronostica-mas-lluvias-en-nicaragua-por-nueva-onda-tropical\/","title":{"rendered":"Ineter pronostica m\u00e1s lluvias en Nicaragua por nueva onda tropical"},"content":{"rendered":"\n<p>La onda tropical n\u00famero 14 que ingres\u00f3 al pa\u00eds este lunes por el litoral Atl\u00e1ntico, provocar\u00e1 lluvias en el pac\u00edfico, centro y norte de <strong>Nicaragua<\/strong>\u00a0a partir de esta tarde o la noche, inform\u00f3<strong>\u00a0el ingeniero Marcio Baca director de Meteorolog\u00eda del Instituto Nicarag\u00fcense de Estudios Territoriales (Ineter).<\/strong>  <a href=\"https:\/\/www.el19digital.com\/articulos\/ver\/titulo:130110-ineter-pronostica-mas-lluvias-en-nicaragua-por-nueva-onda-tropical.\" target=\"_blank\" rel=\"noreferrer noopener\" aria-label=\"Leer m\u00e1s... (opens in a new tab)\">Leer m\u00e1s&#8230;<\/a><\/p>\n","protected":false},"excerpt":{"rendered":"<p>La onda tropical n\u00famero 14 que ingres\u00f3 al pa\u00eds este lunes por el litoral Atl\u00e1ntico, provocar\u00e1 lluvias en el pac\u00edfico,<\/p>\n","protected":false},"author":1,"featured_media":3599,"comment_status":"closed","ping_status":"closed","sticky":false,"template":"","format":"standard","meta":{"colormag_page_container_layout":"default_layout","colormag_page_sidebar_layout":"default_layout","footnotes":""},"categories":[11],"tags":[],"class_list":["post-3598","post","type-post","status-publish","format-standard","has-post-thumbnail","hentry","category-noticias-agropecuarias"],"_links":{"self":[{"href":"https:\/\/cenida.una.edu.ni\/index.php\/wp-json\/wp\/v2\/posts\/3598","targetHints":{"allow":["GET"]}}],"collection":[{"href":"https:\/\/cenida.una.edu.ni\/index.php\/wp-json\/wp\/v2\/posts"}],"about":[{"href":"https:\/\/cenida.una.edu.ni\/index.php\/wp-json\/wp\/v2\/types\/post"}],"author":[{"embeddable":true,"href":"https:\/\/cenida.una.edu.ni\/index.php\/wp-json\/wp\/v2\/users\/1"}],"replies":[{"embeddable":true,"href":"https:\/\/cenida.una.edu.ni\/index.php\/wp-json\/wp\/v2\/comments?post=3598"}],"version-history":[{"count":1,"href":"https:\/\/cenida.una.edu.ni\/index.php\/wp-json\/wp\/v2\/posts\/3598\/revisions"}],"predecessor-version":[{"id":3600,"href":"https:\/\/cenida.una.edu.ni\/index.php\/wp-json\/wp\/v2\/posts\/3598\/revisions\/3600"}],"wp:featuredmedia":[{"embeddable":true,"href":"https:\/\/cenida.una.edu.ni\/index.php\/wp-json\/wp\/v2\/media\/3599"}],"wp:attachment":[{"href":"https:\/\/cenida.una.edu.ni\/index.php\/wp-json\/wp\/v2\/media?parent=3598"}],"wp:term":[{"taxonomy":"category","embeddable":true,"href":"https:\/\/cenida.una.edu.ni\/index.php\/wp-json\/wp\/v2\/categories?post=3598"},{"taxonomy":"post_tag","embeddable":true,"href":"https:\/\/cenida.una.edu.ni\/index.php\/wp-json\/wp\/v2\/tags?post=3598"}],"curies":[{"name":"wp","href":"https:\/\/api.w.org\/{rel}","templated":true}]}}