{"id":3563,"date":"2022-07-03T16:32:18","date_gmt":"2022-07-03T22:32:18","guid":{"rendered":"https:\/\/cenida.una.edu.ni\/?p=3563"},"modified":"2022-07-07T16:33:30","modified_gmt":"2022-07-07T22:33:30","slug":"esta-es-la-experiencia-del-uso-del-bufalo-de-agua-para-produccion-de-palma-africana","status":"publish","type":"post","link":"https:\/\/cenida.una.edu.ni\/index.php\/2022\/07\/03\/esta-es-la-experiencia-del-uso-del-bufalo-de-agua-para-produccion-de-palma-africana\/","title":{"rendered":"Esta es la experiencia del uso del b\u00fafalo de agua para producci\u00f3n de palma africana"},"content":{"rendered":"\n<p> El Gobierno de Reconciliaci\u00f3n y Unidad Nacional atrav\u00e9s de una Delegaci\u00f3n del Sistema Nacional de Producci\u00f3n, Consumo y Comercio\u00a0<strong>visitaron la empresa San Jos\u00e9 ubicada en el municipio de El Rama, departamento de Zelaya Central<\/strong> con el fin de intercambiar sobre el uso de b\u00fafalos de agua en la producci\u00f3n de palma africana.  <a href=\"https:\/\/www.el19digital.com\/articulos\/ver\/titulo:129857-esta-es-la-experiencia-del-uso-del-bufalo-de-agua-para-produccion-de-palma-africana\" target=\"_blank\" rel=\"noreferrer noopener\" aria-label=\"Leer m\u00e1s... (opens in a new tab)\">Leer m\u00e1s&#8230;<\/a><\/p>\n","protected":false},"excerpt":{"rendered":"<p>El Gobierno de Reconciliaci\u00f3n y Unidad Nacional atrav\u00e9s de una Delegaci\u00f3n del Sistema Nacional de Producci\u00f3n, Consumo y Comercio\u00a0visitaron la<\/p>\n","protected":false},"author":1,"featured_media":3564,"comment_status":"closed","ping_status":"closed","sticky":false,"template":"","format":"standard","meta":{"colormag_page_container_layout":"default_layout","colormag_page_sidebar_layout":"default_layout","footnotes":""},"categories":[11],"tags":[],"class_list":["post-3563","post","type-post","status-publish","format-standard","has-post-thumbnail","hentry","category-noticias-agropecuarias"],"_links":{"self":[{"href":"https:\/\/cenida.una.edu.ni\/index.php\/wp-json\/wp\/v2\/posts\/3563","targetHints":{"allow":["GET"]}}],"collection":[{"href":"https:\/\/cenida.una.edu.ni\/index.php\/wp-json\/wp\/v2\/posts"}],"about":[{"href":"https:\/\/cenida.una.edu.ni\/index.php\/wp-json\/wp\/v2\/types\/post"}],"author":[{"embeddable":true,"href":"https:\/\/cenida.una.edu.ni\/index.php\/wp-json\/wp\/v2\/users\/1"}],"replies":[{"embeddable":true,"href":"https:\/\/cenida.una.edu.ni\/index.php\/wp-json\/wp\/v2\/comments?post=3563"}],"version-history":[{"count":1,"href":"https:\/\/cenida.una.edu.ni\/index.php\/wp-json\/wp\/v2\/posts\/3563\/revisions"}],"predecessor-version":[{"id":3565,"href":"https:\/\/cenida.una.edu.ni\/index.php\/wp-json\/wp\/v2\/posts\/3563\/revisions\/3565"}],"wp:featuredmedia":[{"embeddable":true,"href":"https:\/\/cenida.una.edu.ni\/index.php\/wp-json\/wp\/v2\/media\/3564"}],"wp:attachment":[{"href":"https:\/\/cenida.una.edu.ni\/index.php\/wp-json\/wp\/v2\/media?parent=3563"}],"wp:term":[{"taxonomy":"category","embeddable":true,"href":"https:\/\/cenida.una.edu.ni\/index.php\/wp-json\/wp\/v2\/categories?post=3563"},{"taxonomy":"post_tag","embeddable":true,"href":"https:\/\/cenida.una.edu.ni\/index.php\/wp-json\/wp\/v2\/tags?post=3563"}],"curies":[{"name":"wp","href":"https:\/\/api.w.org\/{rel}","templated":true}]}}