{"id":3489,"date":"2022-06-29T10:12:29","date_gmt":"2022-06-29T16:12:29","guid":{"rendered":"https:\/\/cenida.una.edu.ni\/?p=3489"},"modified":"2022-07-04T10:13:44","modified_gmt":"2022-07-04T16:13:44","slug":"nicaragua-continua-acciones-de-preparacion-para-atender-situaciones-de-emergencia","status":"publish","type":"post","link":"https:\/\/cenida.una.edu.ni\/index.php\/2022\/06\/29\/nicaragua-continua-acciones-de-preparacion-para-atender-situaciones-de-emergencia\/","title":{"rendered":"Nicaragua contin\u00faa acciones de preparaci\u00f3n para atender situaciones de emergencia"},"content":{"rendered":"\n<p><strong>La Vicepresidenta Compa\u00f1era Rosario Murillo,<\/strong> dio a conocer que el gobierno est\u00e1 reforzando las medidas de preparaci\u00f3n para atender las situaciones de emergencia que se podr\u00edan presentar ante el impacto de una depresi\u00f3n tropical en los pr\u00f3ximos d\u00edas. <a href=\"https:\/\/www.el19digital.com\/articulos\/ver\/titulo:129715-nicaragua-continua-acciones-de-preparacion-para-atender-situaciones-de-emergencia\" target=\"_blank\" rel=\"noreferrer noopener\" aria-label=\"Leer m\u00e1s... (opens in a new tab)\">Leer m\u00e1s&#8230;<\/a><\/p>\n","protected":false},"excerpt":{"rendered":"<p>La Vicepresidenta Compa\u00f1era Rosario Murillo, dio a conocer que el gobierno est\u00e1 reforzando las medidas de preparaci\u00f3n para atender las<\/p>\n","protected":false},"author":1,"featured_media":3490,"comment_status":"closed","ping_status":"closed","sticky":false,"template":"","format":"standard","meta":{"colormag_page_container_layout":"default_layout","colormag_page_sidebar_layout":"default_layout","footnotes":""},"categories":[11],"tags":[],"class_list":["post-3489","post","type-post","status-publish","format-standard","has-post-thumbnail","hentry","category-noticias-agropecuarias"],"_links":{"self":[{"href":"https:\/\/cenida.una.edu.ni\/index.php\/wp-json\/wp\/v2\/posts\/3489","targetHints":{"allow":["GET"]}}],"collection":[{"href":"https:\/\/cenida.una.edu.ni\/index.php\/wp-json\/wp\/v2\/posts"}],"about":[{"href":"https:\/\/cenida.una.edu.ni\/index.php\/wp-json\/wp\/v2\/types\/post"}],"author":[{"embeddable":true,"href":"https:\/\/cenida.una.edu.ni\/index.php\/wp-json\/wp\/v2\/users\/1"}],"replies":[{"embeddable":true,"href":"https:\/\/cenida.una.edu.ni\/index.php\/wp-json\/wp\/v2\/comments?post=3489"}],"version-history":[{"count":1,"href":"https:\/\/cenida.una.edu.ni\/index.php\/wp-json\/wp\/v2\/posts\/3489\/revisions"}],"predecessor-version":[{"id":3491,"href":"https:\/\/cenida.una.edu.ni\/index.php\/wp-json\/wp\/v2\/posts\/3489\/revisions\/3491"}],"wp:featuredmedia":[{"embeddable":true,"href":"https:\/\/cenida.una.edu.ni\/index.php\/wp-json\/wp\/v2\/media\/3490"}],"wp:attachment":[{"href":"https:\/\/cenida.una.edu.ni\/index.php\/wp-json\/wp\/v2\/media?parent=3489"}],"wp:term":[{"taxonomy":"category","embeddable":true,"href":"https:\/\/cenida.una.edu.ni\/index.php\/wp-json\/wp\/v2\/categories?post=3489"},{"taxonomy":"post_tag","embeddable":true,"href":"https:\/\/cenida.una.edu.ni\/index.php\/wp-json\/wp\/v2\/tags?post=3489"}],"curies":[{"name":"wp","href":"https:\/\/api.w.org\/{rel}","templated":true}]}}