{"id":3436,"date":"2022-06-16T09:25:45","date_gmt":"2022-06-16T15:25:45","guid":{"rendered":"https:\/\/cenida.una.edu.ni\/?p=3436"},"modified":"2022-07-04T09:28:02","modified_gmt":"2022-07-04T15:28:02","slug":"nicaragua-en-reunion-de-la-convencion-marco-de-naciones-unidas-sobre-cambio-climatico","status":"publish","type":"post","link":"https:\/\/cenida.una.edu.ni\/index.php\/2022\/06\/16\/nicaragua-en-reunion-de-la-convencion-marco-de-naciones-unidas-sobre-cambio-climatico\/","title":{"rendered":"Nicaragua en reuni\u00f3n de la Convenci\u00f3n Marco de Naciones Unidas sobre Cambio Clim\u00e1tico"},"content":{"rendered":"\n<p> Este Jueves 16 de Junio, Nicaragua particip\u00f3 en la\u00a0<strong>Sesi\u00f3n de Cierre de la 56 Reuni\u00f3n de los \u00d3rganos Subsidiarios (SB56)<\/strong>\u00a0de la Convenci\u00f3n\u00a0<strong>Marco de Naciones Unidas sobre Cambio Clim\u00e1tico (CMNUCC),<\/strong>\u00a0que se realiz\u00f3 del 6 al 16 de Junio, en la\u00a0<strong>Ciudad de Bonn, Alemania.<\/strong> <a href=\"https:\/\/www.el19digital.com\/articulos\/ver\/titulo:129151-nicaragua-en-reunion-de-la-convencion-marco-de-naciones-unidas-sobre-cambio-climatico.\" target=\"_blank\" rel=\"noreferrer noopener\" aria-label=\"Leer m\u00e1s... (opens in a new tab)\">Leer m\u00e1s&#8230;<\/a><\/p>\n","protected":false},"excerpt":{"rendered":"<p>Este Jueves 16 de Junio, Nicaragua particip\u00f3 en la\u00a0Sesi\u00f3n de Cierre de la 56 Reuni\u00f3n de los \u00d3rganos Subsidiarios (SB56)\u00a0de<\/p>\n","protected":false},"author":1,"featured_media":3437,"comment_status":"closed","ping_status":"closed","sticky":false,"template":"","format":"standard","meta":{"colormag_page_container_layout":"default_layout","colormag_page_sidebar_layout":"default_layout","footnotes":""},"categories":[11],"tags":[],"class_list":["post-3436","post","type-post","status-publish","format-standard","has-post-thumbnail","hentry","category-noticias-agropecuarias"],"_links":{"self":[{"href":"https:\/\/cenida.una.edu.ni\/index.php\/wp-json\/wp\/v2\/posts\/3436","targetHints":{"allow":["GET"]}}],"collection":[{"href":"https:\/\/cenida.una.edu.ni\/index.php\/wp-json\/wp\/v2\/posts"}],"about":[{"href":"https:\/\/cenida.una.edu.ni\/index.php\/wp-json\/wp\/v2\/types\/post"}],"author":[{"embeddable":true,"href":"https:\/\/cenida.una.edu.ni\/index.php\/wp-json\/wp\/v2\/users\/1"}],"replies":[{"embeddable":true,"href":"https:\/\/cenida.una.edu.ni\/index.php\/wp-json\/wp\/v2\/comments?post=3436"}],"version-history":[{"count":1,"href":"https:\/\/cenida.una.edu.ni\/index.php\/wp-json\/wp\/v2\/posts\/3436\/revisions"}],"predecessor-version":[{"id":3438,"href":"https:\/\/cenida.una.edu.ni\/index.php\/wp-json\/wp\/v2\/posts\/3436\/revisions\/3438"}],"wp:featuredmedia":[{"embeddable":true,"href":"https:\/\/cenida.una.edu.ni\/index.php\/wp-json\/wp\/v2\/media\/3437"}],"wp:attachment":[{"href":"https:\/\/cenida.una.edu.ni\/index.php\/wp-json\/wp\/v2\/media?parent=3436"}],"wp:term":[{"taxonomy":"category","embeddable":true,"href":"https:\/\/cenida.una.edu.ni\/index.php\/wp-json\/wp\/v2\/categories?post=3436"},{"taxonomy":"post_tag","embeddable":true,"href":"https:\/\/cenida.una.edu.ni\/index.php\/wp-json\/wp\/v2\/tags?post=3436"}],"curies":[{"name":"wp","href":"https:\/\/api.w.org\/{rel}","templated":true}]}}