{"id":3184,"date":"2022-03-25T12:43:41","date_gmt":"2022-03-25T18:43:41","guid":{"rendered":"https:\/\/cenida.una.edu.ni\/?p=3184"},"modified":"2022-03-28T12:45:28","modified_gmt":"2022-03-28T18:45:28","slug":"ministerio-de-educacion-desarrolla-segundo-encuentro-nacional-pedagogico","status":"publish","type":"post","link":"https:\/\/cenida.una.edu.ni\/index.php\/2022\/03\/25\/ministerio-de-educacion-desarrolla-segundo-encuentro-nacional-pedagogico\/","title":{"rendered":"Ministerio de Educaci\u00f3n desarrolla segundo Encuentro Nacional Pedag\u00f3gico"},"content":{"rendered":"\n<p>En el segundo Encuentro Nacional Pedag\u00f3gico que se realiz\u00f3 en el colegio p\u00fablico 14 de Septiembre, participaron 60 docentes de ese centro de estudio y del colegio de La Nicarao.\u00a0 <a href=\"https:\/\/www.el19digital.com\/articulos\/ver\/titulo:126593-ministerio-de-educacion-desarrolla-segundo-encuentro-nacional-pedagogico\" target=\"_blank\" rel=\"noreferrer noopener\" aria-label=\"Leer m\u00e1s (opens in a new tab)\">Leer m\u00e1s<\/a><\/p>\n","protected":false},"excerpt":{"rendered":"<p>En el segundo Encuentro Nacional Pedag\u00f3gico que se realiz\u00f3 en el colegio p\u00fablico 14 de Septiembre, participaron 60 docentes de<\/p>\n","protected":false},"author":1,"featured_media":3185,"comment_status":"closed","ping_status":"closed","sticky":false,"template":"","format":"standard","meta":{"colormag_page_container_layout":"default_layout","colormag_page_sidebar_layout":"default_layout","footnotes":""},"categories":[11],"tags":[],"class_list":["post-3184","post","type-post","status-publish","format-standard","has-post-thumbnail","hentry","category-noticias-agropecuarias"],"_links":{"self":[{"href":"https:\/\/cenida.una.edu.ni\/index.php\/wp-json\/wp\/v2\/posts\/3184","targetHints":{"allow":["GET"]}}],"collection":[{"href":"https:\/\/cenida.una.edu.ni\/index.php\/wp-json\/wp\/v2\/posts"}],"about":[{"href":"https:\/\/cenida.una.edu.ni\/index.php\/wp-json\/wp\/v2\/types\/post"}],"author":[{"embeddable":true,"href":"https:\/\/cenida.una.edu.ni\/index.php\/wp-json\/wp\/v2\/users\/1"}],"replies":[{"embeddable":true,"href":"https:\/\/cenida.una.edu.ni\/index.php\/wp-json\/wp\/v2\/comments?post=3184"}],"version-history":[{"count":1,"href":"https:\/\/cenida.una.edu.ni\/index.php\/wp-json\/wp\/v2\/posts\/3184\/revisions"}],"predecessor-version":[{"id":3186,"href":"https:\/\/cenida.una.edu.ni\/index.php\/wp-json\/wp\/v2\/posts\/3184\/revisions\/3186"}],"wp:featuredmedia":[{"embeddable":true,"href":"https:\/\/cenida.una.edu.ni\/index.php\/wp-json\/wp\/v2\/media\/3185"}],"wp:attachment":[{"href":"https:\/\/cenida.una.edu.ni\/index.php\/wp-json\/wp\/v2\/media?parent=3184"}],"wp:term":[{"taxonomy":"category","embeddable":true,"href":"https:\/\/cenida.una.edu.ni\/index.php\/wp-json\/wp\/v2\/categories?post=3184"},{"taxonomy":"post_tag","embeddable":true,"href":"https:\/\/cenida.una.edu.ni\/index.php\/wp-json\/wp\/v2\/tags?post=3184"}],"curies":[{"name":"wp","href":"https:\/\/api.w.org\/{rel}","templated":true}]}}