{"id":3118,"date":"2022-03-21T11:16:39","date_gmt":"2022-03-21T17:16:39","guid":{"rendered":"https:\/\/cenida.una.edu.ni\/?p=3118"},"modified":"2022-03-22T11:18:00","modified_gmt":"2022-03-22T17:18:00","slug":"ineter-pronostica-dias-soleados-y-con-altas-temperaturas-esta-semana","status":"publish","type":"post","link":"https:\/\/cenida.una.edu.ni\/index.php\/2022\/03\/21\/ineter-pronostica-dias-soleados-y-con-altas-temperaturas-esta-semana\/","title":{"rendered":"Ineter pronostica d\u00edas soleados y con altas temperaturas esta semana"},"content":{"rendered":"\n<p>Las autoridades del <strong>Instituto Nicarag\u00fcense de Estudios Territoriales (INETER),<\/strong>\u00a0a trav\u00e9s de la<strong>\u00a0Direcci\u00f3n de Meteorolog\u00eda<\/strong>\u00a0dirigida por el\u00a0<strong>ingeniero Marcio Baca<\/strong>, dio a conocer que durante las pr\u00f3ximas horas y d\u00edas en el pa\u00eds habr\u00e1 mucho sol y estar\u00e1 influenciado por altas presiones.  <a href=\"https:\/\/www.el19digital.com\/articulos\/ver\/titulo:126462-ineter-pronostica-dias-soleados-y-con-altas-temperaturas-esta-semana\" target=\"_blank\" rel=\"noreferrer noopener\" aria-label=\"Leer m\u00e1s (opens in a new tab)\">Leer m\u00e1s<\/a><\/p>\n","protected":false},"excerpt":{"rendered":"<p>Las autoridades del Instituto Nicarag\u00fcense de Estudios Territoriales (INETER),\u00a0a trav\u00e9s de la\u00a0Direcci\u00f3n de Meteorolog\u00eda\u00a0dirigida por el\u00a0ingeniero Marcio Baca, dio a<\/p>\n","protected":false},"author":1,"featured_media":3119,"comment_status":"closed","ping_status":"closed","sticky":false,"template":"","format":"standard","meta":{"colormag_page_container_layout":"default_layout","colormag_page_sidebar_layout":"default_layout","footnotes":""},"categories":[11],"tags":[],"class_list":["post-3118","post","type-post","status-publish","format-standard","has-post-thumbnail","hentry","category-noticias-agropecuarias"],"_links":{"self":[{"href":"https:\/\/cenida.una.edu.ni\/index.php\/wp-json\/wp\/v2\/posts\/3118","targetHints":{"allow":["GET"]}}],"collection":[{"href":"https:\/\/cenida.una.edu.ni\/index.php\/wp-json\/wp\/v2\/posts"}],"about":[{"href":"https:\/\/cenida.una.edu.ni\/index.php\/wp-json\/wp\/v2\/types\/post"}],"author":[{"embeddable":true,"href":"https:\/\/cenida.una.edu.ni\/index.php\/wp-json\/wp\/v2\/users\/1"}],"replies":[{"embeddable":true,"href":"https:\/\/cenida.una.edu.ni\/index.php\/wp-json\/wp\/v2\/comments?post=3118"}],"version-history":[{"count":1,"href":"https:\/\/cenida.una.edu.ni\/index.php\/wp-json\/wp\/v2\/posts\/3118\/revisions"}],"predecessor-version":[{"id":3120,"href":"https:\/\/cenida.una.edu.ni\/index.php\/wp-json\/wp\/v2\/posts\/3118\/revisions\/3120"}],"wp:featuredmedia":[{"embeddable":true,"href":"https:\/\/cenida.una.edu.ni\/index.php\/wp-json\/wp\/v2\/media\/3119"}],"wp:attachment":[{"href":"https:\/\/cenida.una.edu.ni\/index.php\/wp-json\/wp\/v2\/media?parent=3118"}],"wp:term":[{"taxonomy":"category","embeddable":true,"href":"https:\/\/cenida.una.edu.ni\/index.php\/wp-json\/wp\/v2\/categories?post=3118"},{"taxonomy":"post_tag","embeddable":true,"href":"https:\/\/cenida.una.edu.ni\/index.php\/wp-json\/wp\/v2\/tags?post=3118"}],"curies":[{"name":"wp","href":"https:\/\/api.w.org\/{rel}","templated":true}]}}