{"id":3033,"date":"2022-03-02T11:05:42","date_gmt":"2022-03-02T17:05:42","guid":{"rendered":"https:\/\/cenida.una.edu.ni\/?p=3033"},"modified":"2022-03-03T11:08:02","modified_gmt":"2022-03-03T17:08:02","slug":"se-esperan-intensos-calores-en-los-proximos-dias-advierte-especialista-aqui-las-recomendaciones","status":"publish","type":"post","link":"https:\/\/cenida.una.edu.ni\/index.php\/2022\/03\/02\/se-esperan-intensos-calores-en-los-proximos-dias-advierte-especialista-aqui-las-recomendaciones\/","title":{"rendered":"Se esperan intensos calores en los pr\u00f3ximos d\u00edas, advierte especialista, aqu\u00ed las recomendaciones"},"content":{"rendered":"\n<p>En esta semana predominar\u00e1n las altas temperaturas, sobre todo en el Occidente del pa\u00eds, como en Villanueva y Somotillo con pron\u00f3stico de 40 grados Celsius. <a href=\"https:\/\/www.laprensani.com\/2022\/03\/02\/nacionales\/2960890-se-esperan-intensos-calores-en-los-proximos-dias-advierte-especialista-aqui-las-recomendaciones\" target=\"_blank\" rel=\"noreferrer noopener\" aria-label=\"Leer m\u00e1s  (opens in a new tab)\">Leer m\u00e1s <\/a><\/p>\n","protected":false},"excerpt":{"rendered":"<p>En esta semana predominar\u00e1n las altas temperaturas, sobre todo en el Occidente del pa\u00eds, como en Villanueva y Somotillo con<\/p>\n","protected":false},"author":1,"featured_media":3034,"comment_status":"closed","ping_status":"closed","sticky":false,"template":"","format":"standard","meta":{"colormag_page_container_layout":"default_layout","colormag_page_sidebar_layout":"default_layout","footnotes":""},"categories":[11],"tags":[],"class_list":["post-3033","post","type-post","status-publish","format-standard","has-post-thumbnail","hentry","category-noticias-agropecuarias"],"_links":{"self":[{"href":"https:\/\/cenida.una.edu.ni\/index.php\/wp-json\/wp\/v2\/posts\/3033","targetHints":{"allow":["GET"]}}],"collection":[{"href":"https:\/\/cenida.una.edu.ni\/index.php\/wp-json\/wp\/v2\/posts"}],"about":[{"href":"https:\/\/cenida.una.edu.ni\/index.php\/wp-json\/wp\/v2\/types\/post"}],"author":[{"embeddable":true,"href":"https:\/\/cenida.una.edu.ni\/index.php\/wp-json\/wp\/v2\/users\/1"}],"replies":[{"embeddable":true,"href":"https:\/\/cenida.una.edu.ni\/index.php\/wp-json\/wp\/v2\/comments?post=3033"}],"version-history":[{"count":1,"href":"https:\/\/cenida.una.edu.ni\/index.php\/wp-json\/wp\/v2\/posts\/3033\/revisions"}],"predecessor-version":[{"id":3035,"href":"https:\/\/cenida.una.edu.ni\/index.php\/wp-json\/wp\/v2\/posts\/3033\/revisions\/3035"}],"wp:featuredmedia":[{"embeddable":true,"href":"https:\/\/cenida.una.edu.ni\/index.php\/wp-json\/wp\/v2\/media\/3034"}],"wp:attachment":[{"href":"https:\/\/cenida.una.edu.ni\/index.php\/wp-json\/wp\/v2\/media?parent=3033"}],"wp:term":[{"taxonomy":"category","embeddable":true,"href":"https:\/\/cenida.una.edu.ni\/index.php\/wp-json\/wp\/v2\/categories?post=3033"},{"taxonomy":"post_tag","embeddable":true,"href":"https:\/\/cenida.una.edu.ni\/index.php\/wp-json\/wp\/v2\/tags?post=3033"}],"curies":[{"name":"wp","href":"https:\/\/api.w.org\/{rel}","templated":true}]}}