{"id":2895,"date":"2022-02-18T12:23:16","date_gmt":"2022-02-18T18:23:16","guid":{"rendered":"https:\/\/cenida.una.edu.ni\/?p=2895"},"modified":"2022-02-22T12:27:58","modified_gmt":"2022-02-22T18:27:58","slug":"mercado-de-la-union-europea-permitiria-a-lacteos-nicas-quitarse-las-presiones-de-el-salvador-por-que-nicaragua-aun-no-le-vende-esos-productos","status":"publish","type":"post","link":"https:\/\/cenida.una.edu.ni\/index.php\/2022\/02\/18\/mercado-de-la-union-europea-permitiria-a-lacteos-nicas-quitarse-las-presiones-de-el-salvador-por-que-nicaragua-aun-no-le-vende-esos-productos\/","title":{"rendered":"Mercado de la Uni\u00f3n Europea permitir\u00eda a l\u00e1cteos nicas quitarse las presiones de El Salvador. \u00bfPor qu\u00e9 Nicaragua a\u00fan no le vende esos productos?"},"content":{"rendered":"\n<p>Estas son las razones de por qu\u00e9 los exportadores nicarag\u00fcenses a\u00fan siguen sin llegar al bloque europeo, pese a que pa\u00eds goza de preferencias en el marco del Acuerdo de Asociaci\u00f3n desde hace 10 a\u00f1os. <a href=\"https:\/\/www.laprensani.com\/2022\/02\/18\/economia\/2953327-union-europea-permitiria-a-lacteos-nicas-quitarse-las-presiones-de-el-salvador-pero-por-que-nicaragua-aun-no-vende-lacteos-a-ese-destino\" target=\"_blank\" rel=\"noreferrer noopener\" aria-label=\"Leer m\u00e1s  (opens in a new tab)\">Leer m\u00e1s <\/a><\/p>\n","protected":false},"excerpt":{"rendered":"<p>Estas son las razones de por qu\u00e9 los exportadores nicarag\u00fcenses a\u00fan siguen sin llegar al bloque europeo, pese a que<\/p>\n","protected":false},"author":1,"featured_media":2896,"comment_status":"closed","ping_status":"closed","sticky":false,"template":"","format":"standard","meta":{"colormag_page_container_layout":"default_layout","colormag_page_sidebar_layout":"default_layout","footnotes":""},"categories":[11],"tags":[],"class_list":["post-2895","post","type-post","status-publish","format-standard","has-post-thumbnail","hentry","category-noticias-agropecuarias"],"_links":{"self":[{"href":"https:\/\/cenida.una.edu.ni\/index.php\/wp-json\/wp\/v2\/posts\/2895","targetHints":{"allow":["GET"]}}],"collection":[{"href":"https:\/\/cenida.una.edu.ni\/index.php\/wp-json\/wp\/v2\/posts"}],"about":[{"href":"https:\/\/cenida.una.edu.ni\/index.php\/wp-json\/wp\/v2\/types\/post"}],"author":[{"embeddable":true,"href":"https:\/\/cenida.una.edu.ni\/index.php\/wp-json\/wp\/v2\/users\/1"}],"replies":[{"embeddable":true,"href":"https:\/\/cenida.una.edu.ni\/index.php\/wp-json\/wp\/v2\/comments?post=2895"}],"version-history":[{"count":1,"href":"https:\/\/cenida.una.edu.ni\/index.php\/wp-json\/wp\/v2\/posts\/2895\/revisions"}],"predecessor-version":[{"id":2897,"href":"https:\/\/cenida.una.edu.ni\/index.php\/wp-json\/wp\/v2\/posts\/2895\/revisions\/2897"}],"wp:featuredmedia":[{"embeddable":true,"href":"https:\/\/cenida.una.edu.ni\/index.php\/wp-json\/wp\/v2\/media\/2896"}],"wp:attachment":[{"href":"https:\/\/cenida.una.edu.ni\/index.php\/wp-json\/wp\/v2\/media?parent=2895"}],"wp:term":[{"taxonomy":"category","embeddable":true,"href":"https:\/\/cenida.una.edu.ni\/index.php\/wp-json\/wp\/v2\/categories?post=2895"},{"taxonomy":"post_tag","embeddable":true,"href":"https:\/\/cenida.una.edu.ni\/index.php\/wp-json\/wp\/v2\/tags?post=2895"}],"curies":[{"name":"wp","href":"https:\/\/api.w.org\/{rel}","templated":true}]}}