{"id":284,"date":"2019-03-15T22:12:04","date_gmt":"2019-03-15T22:12:04","guid":{"rendered":"http:\/\/192.168.9.204\/wordpress\/?p=284"},"modified":"2019-03-25T18:06:53","modified_gmt":"2019-03-25T18:06:53","slug":"reforma-fiscal-perjudicaria-exportaciones-de-caficultores-nicaraguense","status":"publish","type":"post","link":"https:\/\/cenida.una.edu.ni\/index.php\/2019\/03\/15\/reforma-fiscal-perjudicaria-exportaciones-de-caficultores-nicaraguense\/","title":{"rendered":"Reforma fiscal perjudicar\u00eda exportaciones de caficultores nicarag\u00fcense"},"content":{"rendered":"\n<p> La Asociaci\u00f3n de Exportadores de Caf\u00e9 de Nicaragua (Excan) advirti\u00f3 este jueves que la iniciativa de reforma fiscal y las modificaciones a la seguridad social pondr\u00edan en riesgo un sector que exporta US$450 millones &nbsp;y m\u00e1s 60,000 personas quedar\u00edan sin empleo, de un total de 300,000 plazas que genera la caficultura.  <strong><a href=\"https:\/\/www.elnuevodiario.com.ni\/economia\/484797-reforma-fiscal-caficultura-crisis-nicaragua\/ \">Leer m\u00e1s<\/a><\/strong><\/p>\n\n\n\n<p><\/p>\n","protected":false},"excerpt":{"rendered":"<p>La Asociaci\u00f3n de Exportadores de Caf\u00e9 de Nicaragua (Excan) advirti\u00f3 este jueves que la iniciativa de reforma fiscal y las<\/p>\n","protected":false},"author":1,"featured_media":288,"comment_status":"closed","ping_status":"closed","sticky":false,"template":"","format":"standard","meta":{"colormag_page_container_layout":"default_layout","colormag_page_sidebar_layout":"default_layout","footnotes":""},"categories":[11],"tags":[],"class_list":["post-284","post","type-post","status-publish","format-standard","has-post-thumbnail","hentry","category-noticias-agropecuarias"],"_links":{"self":[{"href":"https:\/\/cenida.una.edu.ni\/index.php\/wp-json\/wp\/v2\/posts\/284","targetHints":{"allow":["GET"]}}],"collection":[{"href":"https:\/\/cenida.una.edu.ni\/index.php\/wp-json\/wp\/v2\/posts"}],"about":[{"href":"https:\/\/cenida.una.edu.ni\/index.php\/wp-json\/wp\/v2\/types\/post"}],"author":[{"embeddable":true,"href":"https:\/\/cenida.una.edu.ni\/index.php\/wp-json\/wp\/v2\/users\/1"}],"replies":[{"embeddable":true,"href":"https:\/\/cenida.una.edu.ni\/index.php\/wp-json\/wp\/v2\/comments?post=284"}],"version-history":[{"count":2,"href":"https:\/\/cenida.una.edu.ni\/index.php\/wp-json\/wp\/v2\/posts\/284\/revisions"}],"predecessor-version":[{"id":1001,"href":"https:\/\/cenida.una.edu.ni\/index.php\/wp-json\/wp\/v2\/posts\/284\/revisions\/1001"}],"wp:featuredmedia":[{"embeddable":true,"href":"https:\/\/cenida.una.edu.ni\/index.php\/wp-json\/wp\/v2\/media\/288"}],"wp:attachment":[{"href":"https:\/\/cenida.una.edu.ni\/index.php\/wp-json\/wp\/v2\/media?parent=284"}],"wp:term":[{"taxonomy":"category","embeddable":true,"href":"https:\/\/cenida.una.edu.ni\/index.php\/wp-json\/wp\/v2\/categories?post=284"},{"taxonomy":"post_tag","embeddable":true,"href":"https:\/\/cenida.una.edu.ni\/index.php\/wp-json\/wp\/v2\/tags?post=284"}],"curies":[{"name":"wp","href":"https:\/\/api.w.org\/{rel}","templated":true}]}}