{"id":2740,"date":"2022-01-28T13:52:29","date_gmt":"2022-01-28T19:52:29","guid":{"rendered":"https:\/\/cenida.una.edu.ni\/?p=2740"},"modified":"2022-01-31T13:53:54","modified_gmt":"2022-01-31T19:53:54","slug":"conozca-la-nueva-variedad-de-cafe-que-puede-degustar-en-la-casona-del-cafe","status":"publish","type":"post","link":"https:\/\/cenida.una.edu.ni\/index.php\/2022\/01\/28\/conozca-la-nueva-variedad-de-cafe-que-puede-degustar-en-la-casona-del-cafe\/","title":{"rendered":"Conozca la nueva variedad de caf\u00e9 que puede degustar en La Casona del Caf\u00e9"},"content":{"rendered":"\n<p>El <strong>Ministerio de la Econom\u00eda Familiar (MEFCCA)<\/strong>\u00a0lanz\u00f3 este viernes en la<strong>\u00a0Casona del Caf\u00e9,<\/strong>\u00a0ubicada en la<strong>\u00a0avenida de Bol\u00edvar a Ch\u00e1vez,<\/strong> dos nuevas variedades de caf\u00e9, que los amantes de ese producto podr\u00e1n disfrutar caliente y en fr\u00edo. <a href=\"https:\/\/www.el19digital.com\/articulos\/ver\/titulo:124869-conozca-la-nueva-variedad-de-cafe-que-puede-degustar-en-la-casona-del-cafe\" target=\"_blank\" rel=\"noreferrer noopener\" aria-label=\"Leer m\u00e1s (opens in a new tab)\">Leer m\u00e1s<\/a><\/p>\n","protected":false},"excerpt":{"rendered":"<p>El Ministerio de la Econom\u00eda Familiar (MEFCCA)\u00a0lanz\u00f3 este viernes en la\u00a0Casona del Caf\u00e9,\u00a0ubicada en la\u00a0avenida de Bol\u00edvar a Ch\u00e1vez, dos<\/p>\n","protected":false},"author":1,"featured_media":2741,"comment_status":"closed","ping_status":"closed","sticky":false,"template":"","format":"standard","meta":{"colormag_page_container_layout":"default_layout","colormag_page_sidebar_layout":"default_layout","footnotes":""},"categories":[11],"tags":[],"class_list":["post-2740","post","type-post","status-publish","format-standard","has-post-thumbnail","hentry","category-noticias-agropecuarias"],"_links":{"self":[{"href":"https:\/\/cenida.una.edu.ni\/index.php\/wp-json\/wp\/v2\/posts\/2740","targetHints":{"allow":["GET"]}}],"collection":[{"href":"https:\/\/cenida.una.edu.ni\/index.php\/wp-json\/wp\/v2\/posts"}],"about":[{"href":"https:\/\/cenida.una.edu.ni\/index.php\/wp-json\/wp\/v2\/types\/post"}],"author":[{"embeddable":true,"href":"https:\/\/cenida.una.edu.ni\/index.php\/wp-json\/wp\/v2\/users\/1"}],"replies":[{"embeddable":true,"href":"https:\/\/cenida.una.edu.ni\/index.php\/wp-json\/wp\/v2\/comments?post=2740"}],"version-history":[{"count":1,"href":"https:\/\/cenida.una.edu.ni\/index.php\/wp-json\/wp\/v2\/posts\/2740\/revisions"}],"predecessor-version":[{"id":2742,"href":"https:\/\/cenida.una.edu.ni\/index.php\/wp-json\/wp\/v2\/posts\/2740\/revisions\/2742"}],"wp:featuredmedia":[{"embeddable":true,"href":"https:\/\/cenida.una.edu.ni\/index.php\/wp-json\/wp\/v2\/media\/2741"}],"wp:attachment":[{"href":"https:\/\/cenida.una.edu.ni\/index.php\/wp-json\/wp\/v2\/media?parent=2740"}],"wp:term":[{"taxonomy":"category","embeddable":true,"href":"https:\/\/cenida.una.edu.ni\/index.php\/wp-json\/wp\/v2\/categories?post=2740"},{"taxonomy":"post_tag","embeddable":true,"href":"https:\/\/cenida.una.edu.ni\/index.php\/wp-json\/wp\/v2\/tags?post=2740"}],"curies":[{"name":"wp","href":"https:\/\/api.w.org\/{rel}","templated":true}]}}