{"id":2734,"date":"2022-01-29T12:23:15","date_gmt":"2022-01-29T18:23:15","guid":{"rendered":"https:\/\/cenida.una.edu.ni\/?p=2734"},"modified":"2022-01-31T12:25:14","modified_gmt":"2022-01-31T18:25:14","slug":"cultivos-podrian-beneficiarse-del-clima-en-los-proximos-meses-senala-ineter","status":"publish","type":"post","link":"https:\/\/cenida.una.edu.ni\/index.php\/2022\/01\/29\/cultivos-podrian-beneficiarse-del-clima-en-los-proximos-meses-senala-ineter\/","title":{"rendered":"Cultivos podr\u00edan beneficiarse del clima en los pr\u00f3ximos meses, se\u00f1ala Ineter"},"content":{"rendered":"\n<p>La perspectiva clim\u00e1tica para los pr\u00f3ximos dos meses puede favorecer los cultivos de la siembra de apante, principalmente la del frijol, debido a la prevalencia del fen\u00f3meno de la &#8220;Ni\u00f1a&#8221;.  <a href=\"https:\/\/www.laprensani.com\/2022\/01\/29\/nacionales\/2943400-perspectivas-climaticas-de-los-proximos-meses-podrian-beneficiar-cultivos-segun-ineter\" target=\"_blank\" rel=\"noreferrer noopener\" aria-label=\"Leer m\u00e1s (opens in a new tab)\">Leer m\u00e1s<\/a><\/p>\n","protected":false},"excerpt":{"rendered":"<p>La perspectiva clim\u00e1tica para los pr\u00f3ximos dos meses puede favorecer los cultivos de la siembra de apante, principalmente la del<\/p>\n","protected":false},"author":1,"featured_media":2735,"comment_status":"closed","ping_status":"closed","sticky":false,"template":"","format":"standard","meta":{"colormag_page_container_layout":"default_layout","colormag_page_sidebar_layout":"default_layout","footnotes":""},"categories":[11],"tags":[],"class_list":["post-2734","post","type-post","status-publish","format-standard","has-post-thumbnail","hentry","category-noticias-agropecuarias"],"_links":{"self":[{"href":"https:\/\/cenida.una.edu.ni\/index.php\/wp-json\/wp\/v2\/posts\/2734","targetHints":{"allow":["GET"]}}],"collection":[{"href":"https:\/\/cenida.una.edu.ni\/index.php\/wp-json\/wp\/v2\/posts"}],"about":[{"href":"https:\/\/cenida.una.edu.ni\/index.php\/wp-json\/wp\/v2\/types\/post"}],"author":[{"embeddable":true,"href":"https:\/\/cenida.una.edu.ni\/index.php\/wp-json\/wp\/v2\/users\/1"}],"replies":[{"embeddable":true,"href":"https:\/\/cenida.una.edu.ni\/index.php\/wp-json\/wp\/v2\/comments?post=2734"}],"version-history":[{"count":1,"href":"https:\/\/cenida.una.edu.ni\/index.php\/wp-json\/wp\/v2\/posts\/2734\/revisions"}],"predecessor-version":[{"id":2736,"href":"https:\/\/cenida.una.edu.ni\/index.php\/wp-json\/wp\/v2\/posts\/2734\/revisions\/2736"}],"wp:featuredmedia":[{"embeddable":true,"href":"https:\/\/cenida.una.edu.ni\/index.php\/wp-json\/wp\/v2\/media\/2735"}],"wp:attachment":[{"href":"https:\/\/cenida.una.edu.ni\/index.php\/wp-json\/wp\/v2\/media?parent=2734"}],"wp:term":[{"taxonomy":"category","embeddable":true,"href":"https:\/\/cenida.una.edu.ni\/index.php\/wp-json\/wp\/v2\/categories?post=2734"},{"taxonomy":"post_tag","embeddable":true,"href":"https:\/\/cenida.una.edu.ni\/index.php\/wp-json\/wp\/v2\/tags?post=2734"}],"curies":[{"name":"wp","href":"https:\/\/api.w.org\/{rel}","templated":true}]}}