{"id":2723,"date":"2022-01-27T12:54:42","date_gmt":"2022-01-27T18:54:42","guid":{"rendered":"https:\/\/cenida.una.edu.ni\/?p=2723"},"modified":"2022-01-28T12:58:19","modified_gmt":"2022-01-28T18:58:19","slug":"se-instalo-el-plan-nacional-de-prevencion-e-incendios-forestales-y-agropecuarios","status":"publish","type":"post","link":"https:\/\/cenida.una.edu.ni\/index.php\/2022\/01\/27\/se-instalo-el-plan-nacional-de-prevencion-e-incendios-forestales-y-agropecuarios\/","title":{"rendered":"Se instal\u00f3 el Plan Nacional de Prevenci\u00f3n e Incendios Forestales y Agropecuarios"},"content":{"rendered":"\n<p>La <strong>Vicepresidenta Compa\u00f1era Rosario Murillo<\/strong>, destac\u00f3 que este jueves se instal\u00f3 el<strong> Plan Nacional de Prevenci\u00f3n e Incendios Forestales y Agropecuarios.  <\/strong><a href=\"https:\/\/www.el19digital.com\/articulos\/ver\/titulo:124823-se-instalo-el-plan-nacional-de-prevencion-e-incendios-forestales-y-agropecuarios\" target=\"_blank\" rel=\"noreferrer noopener\" aria-label=\"Leer m\u00e1s (opens in a new tab)\">Leer m\u00e1s<\/a><\/p>\n","protected":false},"excerpt":{"rendered":"<p>La Vicepresidenta Compa\u00f1era Rosario Murillo, destac\u00f3 que este jueves se instal\u00f3 el Plan Nacional de Prevenci\u00f3n e Incendios Forestales y<\/p>\n","protected":false},"author":1,"featured_media":2724,"comment_status":"closed","ping_status":"closed","sticky":false,"template":"","format":"standard","meta":{"colormag_page_container_layout":"default_layout","colormag_page_sidebar_layout":"default_layout","footnotes":""},"categories":[11],"tags":[],"class_list":["post-2723","post","type-post","status-publish","format-standard","has-post-thumbnail","hentry","category-noticias-agropecuarias"],"_links":{"self":[{"href":"https:\/\/cenida.una.edu.ni\/index.php\/wp-json\/wp\/v2\/posts\/2723","targetHints":{"allow":["GET"]}}],"collection":[{"href":"https:\/\/cenida.una.edu.ni\/index.php\/wp-json\/wp\/v2\/posts"}],"about":[{"href":"https:\/\/cenida.una.edu.ni\/index.php\/wp-json\/wp\/v2\/types\/post"}],"author":[{"embeddable":true,"href":"https:\/\/cenida.una.edu.ni\/index.php\/wp-json\/wp\/v2\/users\/1"}],"replies":[{"embeddable":true,"href":"https:\/\/cenida.una.edu.ni\/index.php\/wp-json\/wp\/v2\/comments?post=2723"}],"version-history":[{"count":1,"href":"https:\/\/cenida.una.edu.ni\/index.php\/wp-json\/wp\/v2\/posts\/2723\/revisions"}],"predecessor-version":[{"id":2725,"href":"https:\/\/cenida.una.edu.ni\/index.php\/wp-json\/wp\/v2\/posts\/2723\/revisions\/2725"}],"wp:featuredmedia":[{"embeddable":true,"href":"https:\/\/cenida.una.edu.ni\/index.php\/wp-json\/wp\/v2\/media\/2724"}],"wp:attachment":[{"href":"https:\/\/cenida.una.edu.ni\/index.php\/wp-json\/wp\/v2\/media?parent=2723"}],"wp:term":[{"taxonomy":"category","embeddable":true,"href":"https:\/\/cenida.una.edu.ni\/index.php\/wp-json\/wp\/v2\/categories?post=2723"},{"taxonomy":"post_tag","embeddable":true,"href":"https:\/\/cenida.una.edu.ni\/index.php\/wp-json\/wp\/v2\/tags?post=2723"}],"curies":[{"name":"wp","href":"https:\/\/api.w.org\/{rel}","templated":true}]}}