{"id":2467,"date":"2021-11-22T11:50:27","date_gmt":"2021-11-22T17:50:27","guid":{"rendered":"https:\/\/cenida.una.edu.ni\/?p=2467"},"modified":"2021-11-23T11:51:57","modified_gmt":"2021-11-23T17:51:57","slug":"frente-frio-causara-temperaturas-desde-15-grados-esta-semana-en-nicaragua","status":"publish","type":"post","link":"https:\/\/cenida.una.edu.ni\/index.php\/2021\/11\/22\/frente-frio-causara-temperaturas-desde-15-grados-esta-semana-en-nicaragua\/","title":{"rendered":"Frente fr\u00edo causar\u00e1 temperaturas desde 15 grados esta semana en Nicaragua"},"content":{"rendered":"\n<p>El <strong>Instituto Nicarag\u00fcense de Estudios Territoriales (Ineter)<\/strong>\u00a0inform\u00f3 que Nicaragua estar\u00e1 bajo la influencia de dos fen\u00f3menos esta semana, una vaguada en el l<strong>itoral Caribe y un frente fr\u00edo<\/strong> que se viene acercando al territorio nacional.  <a href=\"https:\/\/www.el19digital.com\/articulos\/ver\/titulo:123058-frente-frio-causara-temperaturas-desde-15-grados-esta-semana-en-nicaragua\" target=\"_blank\" rel=\"noreferrer noopener\" aria-label=\"Leer m\u00e1s (opens in a new tab)\">Leer m\u00e1s<\/a><\/p>\n","protected":false},"excerpt":{"rendered":"<p>El Instituto Nicarag\u00fcense de Estudios Territoriales (Ineter)\u00a0inform\u00f3 que Nicaragua estar\u00e1 bajo la influencia de dos fen\u00f3menos esta semana, una vaguada<\/p>\n","protected":false},"author":1,"featured_media":2468,"comment_status":"closed","ping_status":"closed","sticky":false,"template":"","format":"standard","meta":{"colormag_page_container_layout":"default_layout","colormag_page_sidebar_layout":"default_layout","footnotes":""},"categories":[11],"tags":[],"class_list":["post-2467","post","type-post","status-publish","format-standard","has-post-thumbnail","hentry","category-noticias-agropecuarias"],"_links":{"self":[{"href":"https:\/\/cenida.una.edu.ni\/index.php\/wp-json\/wp\/v2\/posts\/2467","targetHints":{"allow":["GET"]}}],"collection":[{"href":"https:\/\/cenida.una.edu.ni\/index.php\/wp-json\/wp\/v2\/posts"}],"about":[{"href":"https:\/\/cenida.una.edu.ni\/index.php\/wp-json\/wp\/v2\/types\/post"}],"author":[{"embeddable":true,"href":"https:\/\/cenida.una.edu.ni\/index.php\/wp-json\/wp\/v2\/users\/1"}],"replies":[{"embeddable":true,"href":"https:\/\/cenida.una.edu.ni\/index.php\/wp-json\/wp\/v2\/comments?post=2467"}],"version-history":[{"count":1,"href":"https:\/\/cenida.una.edu.ni\/index.php\/wp-json\/wp\/v2\/posts\/2467\/revisions"}],"predecessor-version":[{"id":2469,"href":"https:\/\/cenida.una.edu.ni\/index.php\/wp-json\/wp\/v2\/posts\/2467\/revisions\/2469"}],"wp:featuredmedia":[{"embeddable":true,"href":"https:\/\/cenida.una.edu.ni\/index.php\/wp-json\/wp\/v2\/media\/2468"}],"wp:attachment":[{"href":"https:\/\/cenida.una.edu.ni\/index.php\/wp-json\/wp\/v2\/media?parent=2467"}],"wp:term":[{"taxonomy":"category","embeddable":true,"href":"https:\/\/cenida.una.edu.ni\/index.php\/wp-json\/wp\/v2\/categories?post=2467"},{"taxonomy":"post_tag","embeddable":true,"href":"https:\/\/cenida.una.edu.ni\/index.php\/wp-json\/wp\/v2\/tags?post=2467"}],"curies":[{"name":"wp","href":"https:\/\/api.w.org\/{rel}","templated":true}]}}