{"id":2411,"date":"2021-11-14T11:26:52","date_gmt":"2021-11-14T17:26:52","guid":{"rendered":"https:\/\/cenida.una.edu.ni\/?p=2411"},"modified":"2021-11-15T11:30:28","modified_gmt":"2021-11-15T17:30:28","slug":"pronostican-lluvias-entre-el-mediodia-y-la-tarde-en-las-regiones-central-y-pacifico","status":"publish","type":"post","link":"https:\/\/cenida.una.edu.ni\/index.php\/2021\/11\/14\/pronostican-lluvias-entre-el-mediodia-y-la-tarde-en-las-regiones-central-y-pacifico\/","title":{"rendered":"Pronostican lluvias entre el mediod\u00eda y la tarde en las regiones Central y Pac\u00edfico"},"content":{"rendered":"\n<p>La influencia de una masa de fr\u00edo favorece condiciones de bajas temperaturas y aumento de r\u00e1fagas de vientos, indic\u00f3 Ofena. <a href=\"https:\/\/www.laprensa.com.ni\/2021\/11\/14\/nacionales\/2910537-pronostican-lluvias-entre-el-mediodia-y-la-tarde-en-las-regiones-central-y-pacifico\" target=\"_blank\" rel=\"noreferrer noopener\" aria-label=\"Leer m\u00e1s (opens in a new tab)\">Leer m\u00e1s<\/a><\/p>\n","protected":false},"excerpt":{"rendered":"<p>La influencia de una masa de fr\u00edo favorece condiciones de bajas temperaturas y aumento de r\u00e1fagas de vientos, indic\u00f3 Ofena.<\/p>\n","protected":false},"author":1,"featured_media":2412,"comment_status":"closed","ping_status":"closed","sticky":false,"template":"","format":"standard","meta":{"colormag_page_container_layout":"default_layout","colormag_page_sidebar_layout":"default_layout","footnotes":""},"categories":[11],"tags":[],"class_list":["post-2411","post","type-post","status-publish","format-standard","has-post-thumbnail","hentry","category-noticias-agropecuarias"],"_links":{"self":[{"href":"https:\/\/cenida.una.edu.ni\/index.php\/wp-json\/wp\/v2\/posts\/2411","targetHints":{"allow":["GET"]}}],"collection":[{"href":"https:\/\/cenida.una.edu.ni\/index.php\/wp-json\/wp\/v2\/posts"}],"about":[{"href":"https:\/\/cenida.una.edu.ni\/index.php\/wp-json\/wp\/v2\/types\/post"}],"author":[{"embeddable":true,"href":"https:\/\/cenida.una.edu.ni\/index.php\/wp-json\/wp\/v2\/users\/1"}],"replies":[{"embeddable":true,"href":"https:\/\/cenida.una.edu.ni\/index.php\/wp-json\/wp\/v2\/comments?post=2411"}],"version-history":[{"count":1,"href":"https:\/\/cenida.una.edu.ni\/index.php\/wp-json\/wp\/v2\/posts\/2411\/revisions"}],"predecessor-version":[{"id":2413,"href":"https:\/\/cenida.una.edu.ni\/index.php\/wp-json\/wp\/v2\/posts\/2411\/revisions\/2413"}],"wp:featuredmedia":[{"embeddable":true,"href":"https:\/\/cenida.una.edu.ni\/index.php\/wp-json\/wp\/v2\/media\/2412"}],"wp:attachment":[{"href":"https:\/\/cenida.una.edu.ni\/index.php\/wp-json\/wp\/v2\/media?parent=2411"}],"wp:term":[{"taxonomy":"category","embeddable":true,"href":"https:\/\/cenida.una.edu.ni\/index.php\/wp-json\/wp\/v2\/categories?post=2411"},{"taxonomy":"post_tag","embeddable":true,"href":"https:\/\/cenida.una.edu.ni\/index.php\/wp-json\/wp\/v2\/tags?post=2411"}],"curies":[{"name":"wp","href":"https:\/\/api.w.org\/{rel}","templated":true}]}}