{"id":2160,"date":"2021-07-16T14:44:42","date_gmt":"2021-07-16T20:44:42","guid":{"rendered":"https:\/\/cenida.una.edu.ni\/?p=2160"},"modified":"2021-07-16T14:49:34","modified_gmt":"2021-07-16T20:49:34","slug":"escasez-de-plastico-y-carton-amenaza-con-extenderse-hasta-el-proximo-ano","status":"publish","type":"post","link":"https:\/\/cenida.una.edu.ni\/index.php\/2021\/07\/16\/escasez-de-plastico-y-carton-amenaza-con-extenderse-hasta-el-proximo-ano\/","title":{"rendered":"Escasez de pl\u00e1stico y cart\u00f3n amenaza con extenderse hasta el pr\u00f3ximo a\u00f1o"},"content":{"rendered":"\n<p> El sector comercio e industrial se ha visto afectado en los \u00faltimos meses por la escasez y encarecimiento tanto del pl\u00e1stico como del cart\u00f3n.<a href=\"https:\/\/www.laprensa.com.ni\/2021\/07\/16\/economia\/2851981-escasez-de-plastico-y-carton-amenaza-con-extenderse-hasta-el-proximo-ano\" target=\"_blank\" rel=\"noreferrer noopener\" aria-label=\" Leer m\u00e1s (opens in a new tab)\"> Leer m\u00e1s<\/a><\/p>\n","protected":false},"excerpt":{"rendered":"<p>El sector comercio e industrial se ha visto afectado en los \u00faltimos meses por la escasez y encarecimiento tanto del<\/p>\n","protected":false},"author":1,"featured_media":2161,"comment_status":"closed","ping_status":"closed","sticky":false,"template":"","format":"standard","meta":{"colormag_page_container_layout":"default_layout","colormag_page_sidebar_layout":"default_layout","footnotes":""},"categories":[11],"tags":[],"class_list":["post-2160","post","type-post","status-publish","format-standard","has-post-thumbnail","hentry","category-noticias-agropecuarias"],"_links":{"self":[{"href":"https:\/\/cenida.una.edu.ni\/index.php\/wp-json\/wp\/v2\/posts\/2160","targetHints":{"allow":["GET"]}}],"collection":[{"href":"https:\/\/cenida.una.edu.ni\/index.php\/wp-json\/wp\/v2\/posts"}],"about":[{"href":"https:\/\/cenida.una.edu.ni\/index.php\/wp-json\/wp\/v2\/types\/post"}],"author":[{"embeddable":true,"href":"https:\/\/cenida.una.edu.ni\/index.php\/wp-json\/wp\/v2\/users\/1"}],"replies":[{"embeddable":true,"href":"https:\/\/cenida.una.edu.ni\/index.php\/wp-json\/wp\/v2\/comments?post=2160"}],"version-history":[{"count":1,"href":"https:\/\/cenida.una.edu.ni\/index.php\/wp-json\/wp\/v2\/posts\/2160\/revisions"}],"predecessor-version":[{"id":2162,"href":"https:\/\/cenida.una.edu.ni\/index.php\/wp-json\/wp\/v2\/posts\/2160\/revisions\/2162"}],"wp:featuredmedia":[{"embeddable":true,"href":"https:\/\/cenida.una.edu.ni\/index.php\/wp-json\/wp\/v2\/media\/2161"}],"wp:attachment":[{"href":"https:\/\/cenida.una.edu.ni\/index.php\/wp-json\/wp\/v2\/media?parent=2160"}],"wp:term":[{"taxonomy":"category","embeddable":true,"href":"https:\/\/cenida.una.edu.ni\/index.php\/wp-json\/wp\/v2\/categories?post=2160"},{"taxonomy":"post_tag","embeddable":true,"href":"https:\/\/cenida.una.edu.ni\/index.php\/wp-json\/wp\/v2\/tags?post=2160"}],"curies":[{"name":"wp","href":"https:\/\/api.w.org\/{rel}","templated":true}]}}