{"id":2127,"date":"2021-07-13T11:14:37","date_gmt":"2021-07-13T17:14:37","guid":{"rendered":"https:\/\/cenida.una.edu.ni\/?p=2127"},"modified":"2021-07-13T11:14:39","modified_gmt":"2021-07-13T17:14:39","slug":"a-las-puertas-de-la-canicula-que-pasara-con-este-fenomeno-que-suele-iniciar-el-15-de-julio","status":"publish","type":"post","link":"https:\/\/cenida.una.edu.ni\/index.php\/2021\/07\/13\/a-las-puertas-de-la-canicula-que-pasara-con-este-fenomeno-que-suele-iniciar-el-15-de-julio\/","title":{"rendered":"A las puertas de la can\u00edcula, \u00bfqu\u00e9 pasar\u00e1 con este fen\u00f3meno, que suele iniciar el 15 de julio?"},"content":{"rendered":"\n<p> El cambio clim\u00e1tico ha afectado el fen\u00f3meno que suele ser aprovechado por los productores para el secado de granos b\u00e1sicos. Esto es lo que se espera para esta semana.  <a href=\"https:\/\/www.laprensa.com.ni\/2021\/07\/13\/economia\/2850528-a-las-puertas-de-la-canicula-que-pasara-con-este-fenomeno-que-suele-iniciar-el-15-de-julio\" target=\"_blank\" rel=\"noreferrer noopener\" aria-label=\"Leer m\u00e1s (opens in a new tab)\">Leer m\u00e1s<\/a><\/p>\n","protected":false},"excerpt":{"rendered":"<p>El cambio clim\u00e1tico ha afectado el fen\u00f3meno que suele ser aprovechado por los productores para el secado de granos b\u00e1sicos.<\/p>\n","protected":false},"author":1,"featured_media":2128,"comment_status":"closed","ping_status":"closed","sticky":false,"template":"","format":"standard","meta":{"colormag_page_container_layout":"default_layout","colormag_page_sidebar_layout":"default_layout","footnotes":""},"categories":[11],"tags":[],"class_list":["post-2127","post","type-post","status-publish","format-standard","has-post-thumbnail","hentry","category-noticias-agropecuarias"],"_links":{"self":[{"href":"https:\/\/cenida.una.edu.ni\/index.php\/wp-json\/wp\/v2\/posts\/2127","targetHints":{"allow":["GET"]}}],"collection":[{"href":"https:\/\/cenida.una.edu.ni\/index.php\/wp-json\/wp\/v2\/posts"}],"about":[{"href":"https:\/\/cenida.una.edu.ni\/index.php\/wp-json\/wp\/v2\/types\/post"}],"author":[{"embeddable":true,"href":"https:\/\/cenida.una.edu.ni\/index.php\/wp-json\/wp\/v2\/users\/1"}],"replies":[{"embeddable":true,"href":"https:\/\/cenida.una.edu.ni\/index.php\/wp-json\/wp\/v2\/comments?post=2127"}],"version-history":[{"count":1,"href":"https:\/\/cenida.una.edu.ni\/index.php\/wp-json\/wp\/v2\/posts\/2127\/revisions"}],"predecessor-version":[{"id":2129,"href":"https:\/\/cenida.una.edu.ni\/index.php\/wp-json\/wp\/v2\/posts\/2127\/revisions\/2129"}],"wp:featuredmedia":[{"embeddable":true,"href":"https:\/\/cenida.una.edu.ni\/index.php\/wp-json\/wp\/v2\/media\/2128"}],"wp:attachment":[{"href":"https:\/\/cenida.una.edu.ni\/index.php\/wp-json\/wp\/v2\/media?parent=2127"}],"wp:term":[{"taxonomy":"category","embeddable":true,"href":"https:\/\/cenida.una.edu.ni\/index.php\/wp-json\/wp\/v2\/categories?post=2127"},{"taxonomy":"post_tag","embeddable":true,"href":"https:\/\/cenida.una.edu.ni\/index.php\/wp-json\/wp\/v2\/tags?post=2127"}],"curies":[{"name":"wp","href":"https:\/\/api.w.org\/{rel}","templated":true}]}}