{"id":2077,"date":"2021-06-30T15:15:16","date_gmt":"2021-06-30T21:15:16","guid":{"rendered":"https:\/\/cenida.una.edu.ni\/?p=2077"},"modified":"2021-07-01T15:17:12","modified_gmt":"2021-07-01T21:17:12","slug":"marena-promueve-conferencia-sobre-manejo-ambiental-de-residuos-electricos-y-electronicos","status":"publish","type":"post","link":"https:\/\/cenida.una.edu.ni\/index.php\/2021\/06\/30\/marena-promueve-conferencia-sobre-manejo-ambiental-de-residuos-electricos-y-electronicos\/","title":{"rendered":"Marena promueve conferencia sobre manejo ambiental de residuos el\u00e9ctricos y electr\u00f3nicos"},"content":{"rendered":"\n<p> El\u00a0<strong>Ministerio del Ambiente y Recursos Naturales (Marena)<\/strong>\u00a0en coordinaci\u00f3n con otras instituciones p\u00fablicas y privadas, promovieron la conferencia sobre el\u00a0<strong>Manejo Ambiental y Racional de Residuos de Aparatos El\u00e9ctricos y Electr\u00f3nicos (RAEE)<\/strong>, con el objetivo de dar a conocer el tratamiento de las l\u00e1mparas fluorescentes con mercurio, su recolecci\u00f3n y proceso de exportaci\u00f3n.  <a href=\"https:\/\/www.el19digital.com\/articulos\/ver\/titulo:117800-marena-promueve-conferencia-sobre-manejo-ambiental-de-residuos-electricos-y-electronicos\" target=\"_blank\" rel=\"noreferrer noopener\" aria-label=\"Leer m\u00e1s (opens in a new tab)\">Leer m\u00e1s<\/a><\/p>\n","protected":false},"excerpt":{"rendered":"<p>El\u00a0Ministerio del Ambiente y Recursos Naturales (Marena)\u00a0en coordinaci\u00f3n con otras instituciones p\u00fablicas y privadas, promovieron la conferencia sobre el\u00a0Manejo Ambiental<\/p>\n","protected":false},"author":1,"featured_media":2078,"comment_status":"closed","ping_status":"closed","sticky":false,"template":"","format":"standard","meta":{"colormag_page_container_layout":"default_layout","colormag_page_sidebar_layout":"default_layout","footnotes":""},"categories":[11],"tags":[],"class_list":["post-2077","post","type-post","status-publish","format-standard","has-post-thumbnail","hentry","category-noticias-agropecuarias"],"_links":{"self":[{"href":"https:\/\/cenida.una.edu.ni\/index.php\/wp-json\/wp\/v2\/posts\/2077","targetHints":{"allow":["GET"]}}],"collection":[{"href":"https:\/\/cenida.una.edu.ni\/index.php\/wp-json\/wp\/v2\/posts"}],"about":[{"href":"https:\/\/cenida.una.edu.ni\/index.php\/wp-json\/wp\/v2\/types\/post"}],"author":[{"embeddable":true,"href":"https:\/\/cenida.una.edu.ni\/index.php\/wp-json\/wp\/v2\/users\/1"}],"replies":[{"embeddable":true,"href":"https:\/\/cenida.una.edu.ni\/index.php\/wp-json\/wp\/v2\/comments?post=2077"}],"version-history":[{"count":1,"href":"https:\/\/cenida.una.edu.ni\/index.php\/wp-json\/wp\/v2\/posts\/2077\/revisions"}],"predecessor-version":[{"id":2079,"href":"https:\/\/cenida.una.edu.ni\/index.php\/wp-json\/wp\/v2\/posts\/2077\/revisions\/2079"}],"wp:featuredmedia":[{"embeddable":true,"href":"https:\/\/cenida.una.edu.ni\/index.php\/wp-json\/wp\/v2\/media\/2078"}],"wp:attachment":[{"href":"https:\/\/cenida.una.edu.ni\/index.php\/wp-json\/wp\/v2\/media?parent=2077"}],"wp:term":[{"taxonomy":"category","embeddable":true,"href":"https:\/\/cenida.una.edu.ni\/index.php\/wp-json\/wp\/v2\/categories?post=2077"},{"taxonomy":"post_tag","embeddable":true,"href":"https:\/\/cenida.una.edu.ni\/index.php\/wp-json\/wp\/v2\/tags?post=2077"}],"curies":[{"name":"wp","href":"https:\/\/api.w.org\/{rel}","templated":true}]}}