{"id":2049,"date":"2021-06-23T10:21:52","date_gmt":"2021-06-23T16:21:52","guid":{"rendered":"https:\/\/cenida.una.edu.ni\/?p=2049"},"modified":"2021-06-24T10:23:54","modified_gmt":"2021-06-24T16:23:54","slug":"el-cacao-en-nicaragua-pasa-por-un-mal-momento-luego-de-anos-de-brillar-dentro-de-la-cesta-exportadora","status":"publish","type":"post","link":"https:\/\/cenida.una.edu.ni\/index.php\/2021\/06\/23\/el-cacao-en-nicaragua-pasa-por-un-mal-momento-luego-de-anos-de-brillar-dentro-de-la-cesta-exportadora\/","title":{"rendered":"El cacao en Nicaragua pasa por un mal momento, luego de a\u00f1os de brillar dentro de la cesta exportadora"},"content":{"rendered":"\n<p>Solo en 2020 el total de exportaciones de este producto sumaron 9.4 millones de d\u00f3lares, mientras en 2019 esta cifra se situ\u00f3 en 7.7 millones, es decir un 22.07 por ciento m\u00e1s. La situaci\u00f3n este a\u00f1o para el sector no es positiva y esta es la raz\u00f3n. <a href=\"https:\/\/www.laprensa.com.ni\/2021\/06\/23\/economia\/2841676-el-cacao-en-nicaragua-pasa-por-un-mal-momento-luego-de-anos-de-brillar-dentro-de-la-cesta-exportadora\" target=\"_blank\" rel=\"noreferrer noopener\" aria-label=\"Leer m\u00e1s (opens in a new tab)\">Leer m\u00e1s<\/a><\/p>\n","protected":false},"excerpt":{"rendered":"<p>Solo en 2020 el total de exportaciones de este producto sumaron 9.4 millones de d\u00f3lares, mientras en 2019 esta cifra<\/p>\n","protected":false},"author":1,"featured_media":2050,"comment_status":"closed","ping_status":"closed","sticky":false,"template":"","format":"standard","meta":{"colormag_page_container_layout":"default_layout","colormag_page_sidebar_layout":"default_layout","footnotes":""},"categories":[11],"tags":[],"class_list":["post-2049","post","type-post","status-publish","format-standard","has-post-thumbnail","hentry","category-noticias-agropecuarias"],"_links":{"self":[{"href":"https:\/\/cenida.una.edu.ni\/index.php\/wp-json\/wp\/v2\/posts\/2049","targetHints":{"allow":["GET"]}}],"collection":[{"href":"https:\/\/cenida.una.edu.ni\/index.php\/wp-json\/wp\/v2\/posts"}],"about":[{"href":"https:\/\/cenida.una.edu.ni\/index.php\/wp-json\/wp\/v2\/types\/post"}],"author":[{"embeddable":true,"href":"https:\/\/cenida.una.edu.ni\/index.php\/wp-json\/wp\/v2\/users\/1"}],"replies":[{"embeddable":true,"href":"https:\/\/cenida.una.edu.ni\/index.php\/wp-json\/wp\/v2\/comments?post=2049"}],"version-history":[{"count":1,"href":"https:\/\/cenida.una.edu.ni\/index.php\/wp-json\/wp\/v2\/posts\/2049\/revisions"}],"predecessor-version":[{"id":2051,"href":"https:\/\/cenida.una.edu.ni\/index.php\/wp-json\/wp\/v2\/posts\/2049\/revisions\/2051"}],"wp:featuredmedia":[{"embeddable":true,"href":"https:\/\/cenida.una.edu.ni\/index.php\/wp-json\/wp\/v2\/media\/2050"}],"wp:attachment":[{"href":"https:\/\/cenida.una.edu.ni\/index.php\/wp-json\/wp\/v2\/media?parent=2049"}],"wp:term":[{"taxonomy":"category","embeddable":true,"href":"https:\/\/cenida.una.edu.ni\/index.php\/wp-json\/wp\/v2\/categories?post=2049"},{"taxonomy":"post_tag","embeddable":true,"href":"https:\/\/cenida.una.edu.ni\/index.php\/wp-json\/wp\/v2\/tags?post=2049"}],"curies":[{"name":"wp","href":"https:\/\/api.w.org\/{rel}","templated":true}]}}