{"id":2029,"date":"2021-06-17T11:46:47","date_gmt":"2021-06-17T17:46:47","guid":{"rendered":"https:\/\/cenida.una.edu.ni\/?p=2029"},"modified":"2021-06-18T11:48:48","modified_gmt":"2021-06-18T17:48:48","slug":"marena-llevo-a-cabo-conferencia-sobre-la-lucha-contra-la-desertificacion-y-sequia","status":"publish","type":"post","link":"https:\/\/cenida.una.edu.ni\/index.php\/2021\/06\/17\/marena-llevo-a-cabo-conferencia-sobre-la-lucha-contra-la-desertificacion-y-sequia\/","title":{"rendered":"Marena llev\u00f3 a cabo conferencia sobre la lucha contra la desertificaci\u00f3n y sequ\u00eda"},"content":{"rendered":"\n<p> Con la realizaci\u00f3n de una conferencia internacional virtual,\u00a0<strong>Nicaragua<\/strong> celebr\u00f3 este jueves el d\u00eda de lucha contra la desertificaci\u00f3n \u00a0y sequ\u00eda. <a href=\"https:\/\/www.el19digital.com\/articulos\/ver\/titulo:117308-marena-llevo-a-cabo-conferencia-sobre-la-lucha-contra-la-desertificacion-y-sequia\" target=\"_blank\" rel=\"noreferrer noopener\" aria-label=\"Leer m\u00e1s (opens in a new tab)\">Leer m\u00e1s<\/a><\/p>\n","protected":false},"excerpt":{"rendered":"<p>Con la realizaci\u00f3n de una conferencia internacional virtual,\u00a0Nicaragua celebr\u00f3 este jueves el d\u00eda de lucha contra la desertificaci\u00f3n \u00a0y sequ\u00eda.<\/p>\n","protected":false},"author":1,"featured_media":2030,"comment_status":"closed","ping_status":"closed","sticky":false,"template":"","format":"standard","meta":{"colormag_page_container_layout":"default_layout","colormag_page_sidebar_layout":"default_layout","footnotes":""},"categories":[11],"tags":[],"class_list":["post-2029","post","type-post","status-publish","format-standard","has-post-thumbnail","hentry","category-noticias-agropecuarias"],"_links":{"self":[{"href":"https:\/\/cenida.una.edu.ni\/index.php\/wp-json\/wp\/v2\/posts\/2029","targetHints":{"allow":["GET"]}}],"collection":[{"href":"https:\/\/cenida.una.edu.ni\/index.php\/wp-json\/wp\/v2\/posts"}],"about":[{"href":"https:\/\/cenida.una.edu.ni\/index.php\/wp-json\/wp\/v2\/types\/post"}],"author":[{"embeddable":true,"href":"https:\/\/cenida.una.edu.ni\/index.php\/wp-json\/wp\/v2\/users\/1"}],"replies":[{"embeddable":true,"href":"https:\/\/cenida.una.edu.ni\/index.php\/wp-json\/wp\/v2\/comments?post=2029"}],"version-history":[{"count":1,"href":"https:\/\/cenida.una.edu.ni\/index.php\/wp-json\/wp\/v2\/posts\/2029\/revisions"}],"predecessor-version":[{"id":2031,"href":"https:\/\/cenida.una.edu.ni\/index.php\/wp-json\/wp\/v2\/posts\/2029\/revisions\/2031"}],"wp:featuredmedia":[{"embeddable":true,"href":"https:\/\/cenida.una.edu.ni\/index.php\/wp-json\/wp\/v2\/media\/2030"}],"wp:attachment":[{"href":"https:\/\/cenida.una.edu.ni\/index.php\/wp-json\/wp\/v2\/media?parent=2029"}],"wp:term":[{"taxonomy":"category","embeddable":true,"href":"https:\/\/cenida.una.edu.ni\/index.php\/wp-json\/wp\/v2\/categories?post=2029"},{"taxonomy":"post_tag","embeddable":true,"href":"https:\/\/cenida.una.edu.ni\/index.php\/wp-json\/wp\/v2\/tags?post=2029"}],"curies":[{"name":"wp","href":"https:\/\/api.w.org\/{rel}","templated":true}]}}