{"id":1992,"date":"2021-06-08T10:40:24","date_gmt":"2021-06-08T16:40:24","guid":{"rendered":"https:\/\/cenida.una.edu.ni\/?p=1992"},"modified":"2021-06-09T10:42:00","modified_gmt":"2021-06-09T16:42:00","slug":"ingreso-de-onda-tropical-este-martes-provocara-lluvias-en-el-pais-alerta-el-ineter","status":"publish","type":"post","link":"https:\/\/cenida.una.edu.ni\/index.php\/2021\/06\/08\/ingreso-de-onda-tropical-este-martes-provocara-lluvias-en-el-pais-alerta-el-ineter\/","title":{"rendered":"Ingreso de onda tropical este martes provocar\u00e1 lluvias en el pa\u00eds, alerta el Ineter"},"content":{"rendered":"\n<p> Con relaci\u00f3n a las temperaturas, el director de meteorolog\u00eda del Ineter explic\u00f3 que el incremento de nubosidad estar\u00e1 provocando un leve descenso. <a href=\"https:\/\/www.laprensa.com.ni\/2021\/06\/08\/nacionales\/2835100-ingreso-de-onda-tropical-este-martes-provocara-lluvias-en-el-pais-alerta-el-ineter\" target=\"_blank\" rel=\"noreferrer noopener\" aria-label=\"Leer m\u00e1s (opens in a new tab)\">Leer m\u00e1s<\/a><\/p>\n","protected":false},"excerpt":{"rendered":"<p>Con relaci\u00f3n a las temperaturas, el director de meteorolog\u00eda del Ineter explic\u00f3 que el incremento de nubosidad estar\u00e1 provocando un<\/p>\n","protected":false},"author":1,"featured_media":1993,"comment_status":"closed","ping_status":"closed","sticky":false,"template":"","format":"standard","meta":{"colormag_page_container_layout":"default_layout","colormag_page_sidebar_layout":"default_layout","footnotes":""},"categories":[11],"tags":[],"class_list":["post-1992","post","type-post","status-publish","format-standard","has-post-thumbnail","hentry","category-noticias-agropecuarias"],"_links":{"self":[{"href":"https:\/\/cenida.una.edu.ni\/index.php\/wp-json\/wp\/v2\/posts\/1992","targetHints":{"allow":["GET"]}}],"collection":[{"href":"https:\/\/cenida.una.edu.ni\/index.php\/wp-json\/wp\/v2\/posts"}],"about":[{"href":"https:\/\/cenida.una.edu.ni\/index.php\/wp-json\/wp\/v2\/types\/post"}],"author":[{"embeddable":true,"href":"https:\/\/cenida.una.edu.ni\/index.php\/wp-json\/wp\/v2\/users\/1"}],"replies":[{"embeddable":true,"href":"https:\/\/cenida.una.edu.ni\/index.php\/wp-json\/wp\/v2\/comments?post=1992"}],"version-history":[{"count":1,"href":"https:\/\/cenida.una.edu.ni\/index.php\/wp-json\/wp\/v2\/posts\/1992\/revisions"}],"predecessor-version":[{"id":1994,"href":"https:\/\/cenida.una.edu.ni\/index.php\/wp-json\/wp\/v2\/posts\/1992\/revisions\/1994"}],"wp:featuredmedia":[{"embeddable":true,"href":"https:\/\/cenida.una.edu.ni\/index.php\/wp-json\/wp\/v2\/media\/1993"}],"wp:attachment":[{"href":"https:\/\/cenida.una.edu.ni\/index.php\/wp-json\/wp\/v2\/media?parent=1992"}],"wp:term":[{"taxonomy":"category","embeddable":true,"href":"https:\/\/cenida.una.edu.ni\/index.php\/wp-json\/wp\/v2\/categories?post=1992"},{"taxonomy":"post_tag","embeddable":true,"href":"https:\/\/cenida.una.edu.ni\/index.php\/wp-json\/wp\/v2\/tags?post=1992"}],"curies":[{"name":"wp","href":"https:\/\/api.w.org\/{rel}","templated":true}]}}