{"id":1952,"date":"2021-06-05T12:16:49","date_gmt":"2021-06-05T18:16:49","guid":{"rendered":"https:\/\/cenida.una.edu.ni\/?p=1952"},"modified":"2021-06-07T12:21:41","modified_gmt":"2021-06-07T18:21:41","slug":"que-esta-pasando-con-la-cosecha-cafetalera-actual-se-desploman-los-envios-del-grano-al-exterior","status":"publish","type":"post","link":"https:\/\/cenida.una.edu.ni\/index.php\/2021\/06\/05\/que-esta-pasando-con-la-cosecha-cafetalera-actual-se-desploman-los-envios-del-grano-al-exterior\/","title":{"rendered":"\u00bfQu\u00e9 est\u00e1 pasando con la cosecha cafetalera actual? Se desploman los env\u00edos del grano al exterior"},"content":{"rendered":"\n<p> Aura Lila Sevilla Kuan, presidenta de la Alianza Nacional de Cafetaleros de Nicaragua (ANCN), explica que hay varios factores que est\u00e1n ocasionando problemas con la cosecha de caf\u00e9 2020-2021 y que si no fuera por los mejores precios a nivel internacional los n\u00fameros ser\u00edan peores. <a href=\"https:\/\/www.laprensa.com.ni\/2021\/06\/05\/economia\/2833663-que-esta-pasando-con-la-cosecha-cafetalera-actual-se-desploman-los-envios-del-grano-al-exterior\" target=\"_blank\" rel=\"noreferrer noopener\" aria-label=\"Leer m\u00e1s  (opens in a new tab)\">Leer m\u00e1s <\/a><\/p>\n","protected":false},"excerpt":{"rendered":"<p>Aura Lila Sevilla Kuan, presidenta de la Alianza Nacional de Cafetaleros de Nicaragua (ANCN), explica que hay varios factores que<\/p>\n","protected":false},"author":1,"featured_media":1953,"comment_status":"closed","ping_status":"closed","sticky":false,"template":"","format":"standard","meta":{"colormag_page_container_layout":"default_layout","colormag_page_sidebar_layout":"default_layout","footnotes":""},"categories":[11],"tags":[],"class_list":["post-1952","post","type-post","status-publish","format-standard","has-post-thumbnail","hentry","category-noticias-agropecuarias"],"_links":{"self":[{"href":"https:\/\/cenida.una.edu.ni\/index.php\/wp-json\/wp\/v2\/posts\/1952","targetHints":{"allow":["GET"]}}],"collection":[{"href":"https:\/\/cenida.una.edu.ni\/index.php\/wp-json\/wp\/v2\/posts"}],"about":[{"href":"https:\/\/cenida.una.edu.ni\/index.php\/wp-json\/wp\/v2\/types\/post"}],"author":[{"embeddable":true,"href":"https:\/\/cenida.una.edu.ni\/index.php\/wp-json\/wp\/v2\/users\/1"}],"replies":[{"embeddable":true,"href":"https:\/\/cenida.una.edu.ni\/index.php\/wp-json\/wp\/v2\/comments?post=1952"}],"version-history":[{"count":1,"href":"https:\/\/cenida.una.edu.ni\/index.php\/wp-json\/wp\/v2\/posts\/1952\/revisions"}],"predecessor-version":[{"id":1954,"href":"https:\/\/cenida.una.edu.ni\/index.php\/wp-json\/wp\/v2\/posts\/1952\/revisions\/1954"}],"wp:featuredmedia":[{"embeddable":true,"href":"https:\/\/cenida.una.edu.ni\/index.php\/wp-json\/wp\/v2\/media\/1953"}],"wp:attachment":[{"href":"https:\/\/cenida.una.edu.ni\/index.php\/wp-json\/wp\/v2\/media?parent=1952"}],"wp:term":[{"taxonomy":"category","embeddable":true,"href":"https:\/\/cenida.una.edu.ni\/index.php\/wp-json\/wp\/v2\/categories?post=1952"},{"taxonomy":"post_tag","embeddable":true,"href":"https:\/\/cenida.una.edu.ni\/index.php\/wp-json\/wp\/v2\/tags?post=1952"}],"curies":[{"name":"wp","href":"https:\/\/api.w.org\/{rel}","templated":true}]}}