{"id":1686,"date":"2021-04-29T09:17:15","date_gmt":"2021-04-29T15:17:15","guid":{"rendered":"https:\/\/cenida.una.edu.ni\/?p=1686"},"modified":"2021-04-29T09:17:16","modified_gmt":"2021-04-29T15:17:16","slug":"sector-ganadero-y-lacteo-crea-megaalianza-y-promete-cambiar-sus-practicas-para-ser-amigables-con-el-medioambiente","status":"publish","type":"post","link":"https:\/\/cenida.una.edu.ni\/index.php\/2021\/04\/29\/sector-ganadero-y-lacteo-crea-megaalianza-y-promete-cambiar-sus-practicas-para-ser-amigables-con-el-medioambiente\/","title":{"rendered":"Sector ganadero y l\u00e1cteo crea megaalianza y promete cambiar sus pr\u00e1cticas para ser amigables con el medioambiente"},"content":{"rendered":"\n<p> Por a\u00f1os el sector ha sido considerado uno de los factores de aumento de la deforestaci\u00f3n en Nicaragua, pero ahora los ganaderos se unifican y prometen pr\u00e1cticas amigables con el medioambiente a trav\u00e9s de una megaalianza y una agenda en com\u00fan. <a href=\"https:\/\/www.laprensa.com.ni\/2021\/04\/29\/economia\/2816379-sector-ganadero-crea-mega-alianza-y-promete-cambiar-sus-practicas-para-ser-amigables-con-el-medioambiente\" target=\"_blank\" rel=\"noreferrer noopener\" aria-label=\"Leer m\u00e1s (opens in a new tab)\">Leer m\u00e1s<\/a><\/p>\n","protected":false},"excerpt":{"rendered":"<p>Por a\u00f1os el sector ha sido considerado uno de los factores de aumento de la deforestaci\u00f3n en Nicaragua, pero ahora<\/p>\n","protected":false},"author":1,"featured_media":1687,"comment_status":"closed","ping_status":"closed","sticky":false,"template":"","format":"standard","meta":{"colormag_page_container_layout":"default_layout","colormag_page_sidebar_layout":"default_layout","footnotes":""},"categories":[11],"tags":[],"class_list":["post-1686","post","type-post","status-publish","format-standard","has-post-thumbnail","hentry","category-noticias-agropecuarias"],"_links":{"self":[{"href":"https:\/\/cenida.una.edu.ni\/index.php\/wp-json\/wp\/v2\/posts\/1686","targetHints":{"allow":["GET"]}}],"collection":[{"href":"https:\/\/cenida.una.edu.ni\/index.php\/wp-json\/wp\/v2\/posts"}],"about":[{"href":"https:\/\/cenida.una.edu.ni\/index.php\/wp-json\/wp\/v2\/types\/post"}],"author":[{"embeddable":true,"href":"https:\/\/cenida.una.edu.ni\/index.php\/wp-json\/wp\/v2\/users\/1"}],"replies":[{"embeddable":true,"href":"https:\/\/cenida.una.edu.ni\/index.php\/wp-json\/wp\/v2\/comments?post=1686"}],"version-history":[{"count":1,"href":"https:\/\/cenida.una.edu.ni\/index.php\/wp-json\/wp\/v2\/posts\/1686\/revisions"}],"predecessor-version":[{"id":1688,"href":"https:\/\/cenida.una.edu.ni\/index.php\/wp-json\/wp\/v2\/posts\/1686\/revisions\/1688"}],"wp:featuredmedia":[{"embeddable":true,"href":"https:\/\/cenida.una.edu.ni\/index.php\/wp-json\/wp\/v2\/media\/1687"}],"wp:attachment":[{"href":"https:\/\/cenida.una.edu.ni\/index.php\/wp-json\/wp\/v2\/media?parent=1686"}],"wp:term":[{"taxonomy":"category","embeddable":true,"href":"https:\/\/cenida.una.edu.ni\/index.php\/wp-json\/wp\/v2\/categories?post=1686"},{"taxonomy":"post_tag","embeddable":true,"href":"https:\/\/cenida.una.edu.ni\/index.php\/wp-json\/wp\/v2\/tags?post=1686"}],"curies":[{"name":"wp","href":"https:\/\/api.w.org\/{rel}","templated":true}]}}