{"id":1664,"date":"2021-04-23T08:53:35","date_gmt":"2021-04-23T14:53:35","guid":{"rendered":"https:\/\/cenida.una.edu.ni\/?p=1664"},"modified":"2021-04-29T08:55:59","modified_gmt":"2021-04-29T14:55:59","slug":"a-las-puertas-del-ciclo-agricola-2021-2022-todo-lo-que-deben-saber-los-productores-en-nicaragua-sobre-el-proximo-invierno","status":"publish","type":"post","link":"https:\/\/cenida.una.edu.ni\/index.php\/2021\/04\/23\/a-las-puertas-del-ciclo-agricola-2021-2022-todo-lo-que-deben-saber-los-productores-en-nicaragua-sobre-el-proximo-invierno\/","title":{"rendered":"A las puertas del ciclo agr\u00edcola 2021-2022, todo lo que deben saber los productores en Nicaragua sobre el pr\u00f3ximo invierno"},"content":{"rendered":"\n<p> El ciclo agr\u00edcola 2021-2022 comenzar\u00e1 el pr\u00f3ximo 15 de mayo con la entrada del invierno. El a\u00f1o pasado fue intenso en el \u00faltimo tramo de la estaci\u00f3n lluviosa. Esta ser\u00e1 la situaci\u00f3n este a\u00f1o, seg\u00fan organismos de meteorolog\u00eda a nivel internacional.  <a href=\"https:\/\/www.laprensa.com.ni\/2021\/04\/23\/economia\/2813534-a-las-puertas-del-ciclo-agricola-2021-2020-todo-lo-que-deben-saber-los-productores-en-nicaragua-sobre-el-proximo-invierno\" target=\"_blank\" rel=\"noreferrer noopener\" aria-label=\"Leer m\u00e1s (opens in a new tab)\">Leer m\u00e1s<\/a><\/p>\n","protected":false},"excerpt":{"rendered":"<p>El ciclo agr\u00edcola 2021-2022 comenzar\u00e1 el pr\u00f3ximo 15 de mayo con la entrada del invierno. El a\u00f1o pasado fue intenso<\/p>\n","protected":false},"author":1,"featured_media":1665,"comment_status":"closed","ping_status":"closed","sticky":false,"template":"","format":"standard","meta":{"colormag_page_container_layout":"default_layout","colormag_page_sidebar_layout":"default_layout","footnotes":""},"categories":[11],"tags":[],"class_list":["post-1664","post","type-post","status-publish","format-standard","has-post-thumbnail","hentry","category-noticias-agropecuarias"],"_links":{"self":[{"href":"https:\/\/cenida.una.edu.ni\/index.php\/wp-json\/wp\/v2\/posts\/1664","targetHints":{"allow":["GET"]}}],"collection":[{"href":"https:\/\/cenida.una.edu.ni\/index.php\/wp-json\/wp\/v2\/posts"}],"about":[{"href":"https:\/\/cenida.una.edu.ni\/index.php\/wp-json\/wp\/v2\/types\/post"}],"author":[{"embeddable":true,"href":"https:\/\/cenida.una.edu.ni\/index.php\/wp-json\/wp\/v2\/users\/1"}],"replies":[{"embeddable":true,"href":"https:\/\/cenida.una.edu.ni\/index.php\/wp-json\/wp\/v2\/comments?post=1664"}],"version-history":[{"count":1,"href":"https:\/\/cenida.una.edu.ni\/index.php\/wp-json\/wp\/v2\/posts\/1664\/revisions"}],"predecessor-version":[{"id":1666,"href":"https:\/\/cenida.una.edu.ni\/index.php\/wp-json\/wp\/v2\/posts\/1664\/revisions\/1666"}],"wp:featuredmedia":[{"embeddable":true,"href":"https:\/\/cenida.una.edu.ni\/index.php\/wp-json\/wp\/v2\/media\/1665"}],"wp:attachment":[{"href":"https:\/\/cenida.una.edu.ni\/index.php\/wp-json\/wp\/v2\/media?parent=1664"}],"wp:term":[{"taxonomy":"category","embeddable":true,"href":"https:\/\/cenida.una.edu.ni\/index.php\/wp-json\/wp\/v2\/categories?post=1664"},{"taxonomy":"post_tag","embeddable":true,"href":"https:\/\/cenida.una.edu.ni\/index.php\/wp-json\/wp\/v2\/tags?post=1664"}],"curies":[{"name":"wp","href":"https:\/\/api.w.org\/{rel}","templated":true}]}}