{"id":1645,"date":"2021-04-23T11:38:19","date_gmt":"2021-04-23T17:38:19","guid":{"rendered":"https:\/\/cenida.una.edu.ni\/?p=1645"},"modified":"2021-04-26T11:40:11","modified_gmt":"2021-04-26T17:40:11","slug":"proyectan-mayor-crecimiento-de-la-produccion-en-el-ciclo-productivo-2021-2022","status":"publish","type":"post","link":"https:\/\/cenida.una.edu.ni\/index.php\/2021\/04\/23\/proyectan-mayor-crecimiento-de-la-produccion-en-el-ciclo-productivo-2021-2022\/","title":{"rendered":"Proyectan mayor crecimiento de la producci\u00f3n en el ciclo productivo 2021-2022"},"content":{"rendered":"\n<p> El\u00a0<strong>compa\u00f1ero Iv\u00e1n Acosta, titular del Ministerio de Hacienda y Cr\u00e9dito P\u00fablico (MHCP)<\/strong>, compareci\u00f3 este viernes tras el encuentro semanal del\u00a0<strong>Sistema de Producci\u00f3n, Consumo y Comercio,<\/strong> en el que se analiz\u00f3 las actividades y planes desarrollados por las instituciones, a fin de definir ajustes en las estrategias y pol\u00edticas econ\u00f3micas del pa\u00eds.  <a href=\"https:\/\/www.el19digital.com\/articulos\/ver\/titulo:115309-proyectan-mayor-crecimiento-de-la-produccion-en-el-ciclo-productivo-2021-2022\" target=\"_blank\" rel=\"noreferrer noopener\" aria-label=\"Leer m\u00e1s (opens in a new tab)\">Leer m\u00e1s<\/a><\/p>\n","protected":false},"excerpt":{"rendered":"<p>El\u00a0compa\u00f1ero Iv\u00e1n Acosta, titular del Ministerio de Hacienda y Cr\u00e9dito P\u00fablico (MHCP), compareci\u00f3 este viernes tras el encuentro semanal del\u00a0Sistema<\/p>\n","protected":false},"author":1,"featured_media":1646,"comment_status":"closed","ping_status":"closed","sticky":false,"template":"","format":"standard","meta":{"colormag_page_container_layout":"default_layout","colormag_page_sidebar_layout":"default_layout","footnotes":""},"categories":[11],"tags":[],"class_list":["post-1645","post","type-post","status-publish","format-standard","has-post-thumbnail","hentry","category-noticias-agropecuarias"],"_links":{"self":[{"href":"https:\/\/cenida.una.edu.ni\/index.php\/wp-json\/wp\/v2\/posts\/1645","targetHints":{"allow":["GET"]}}],"collection":[{"href":"https:\/\/cenida.una.edu.ni\/index.php\/wp-json\/wp\/v2\/posts"}],"about":[{"href":"https:\/\/cenida.una.edu.ni\/index.php\/wp-json\/wp\/v2\/types\/post"}],"author":[{"embeddable":true,"href":"https:\/\/cenida.una.edu.ni\/index.php\/wp-json\/wp\/v2\/users\/1"}],"replies":[{"embeddable":true,"href":"https:\/\/cenida.una.edu.ni\/index.php\/wp-json\/wp\/v2\/comments?post=1645"}],"version-history":[{"count":1,"href":"https:\/\/cenida.una.edu.ni\/index.php\/wp-json\/wp\/v2\/posts\/1645\/revisions"}],"predecessor-version":[{"id":1647,"href":"https:\/\/cenida.una.edu.ni\/index.php\/wp-json\/wp\/v2\/posts\/1645\/revisions\/1647"}],"wp:featuredmedia":[{"embeddable":true,"href":"https:\/\/cenida.una.edu.ni\/index.php\/wp-json\/wp\/v2\/media\/1646"}],"wp:attachment":[{"href":"https:\/\/cenida.una.edu.ni\/index.php\/wp-json\/wp\/v2\/media?parent=1645"}],"wp:term":[{"taxonomy":"category","embeddable":true,"href":"https:\/\/cenida.una.edu.ni\/index.php\/wp-json\/wp\/v2\/categories?post=1645"},{"taxonomy":"post_tag","embeddable":true,"href":"https:\/\/cenida.una.edu.ni\/index.php\/wp-json\/wp\/v2\/tags?post=1645"}],"curies":[{"name":"wp","href":"https:\/\/api.w.org\/{rel}","templated":true}]}}