{"id":1620,"date":"2021-04-14T11:11:19","date_gmt":"2021-04-14T17:11:19","guid":{"rendered":"https:\/\/cenida.una.edu.ni\/?p=1620"},"modified":"2021-04-19T11:18:52","modified_gmt":"2021-04-19T17:18:52","slug":"realizaran-feria-nacional-de-la-madre-tierra-nicaragua-bendita","status":"publish","type":"post","link":"https:\/\/cenida.una.edu.ni\/index.php\/2021\/04\/14\/realizaran-feria-nacional-de-la-madre-tierra-nicaragua-bendita\/","title":{"rendered":"Realizar\u00e1n Feria Nacional de la Madre Tierra \u201cNicaragua Bendita\u201d"},"content":{"rendered":"\n<p><em>En saludo al<strong>&nbsp;D\u00eda Internacional de la Tierra,<\/strong>&nbsp;instituciones de Gobierno de manera articulada con la Juventud Sandinista realizar\u00e1n una nueva edici\u00f3n de la<strong>&nbsp;Feria Nacional de la Madre Tierra&nbsp;<\/strong><\/em><strong><em>\u201cNicaragua Bendita\u201d<\/em><\/strong><em>&nbsp;con la participaci\u00f3n de 150 protagonistas, los d\u00edas 23 y 24 de abril en el<strong> Centro de Convenciones Olof Palme. <\/strong><\/em><a href=\"https:\/\/www.el19digital.com\/articulos\/ver\/titulo:114939-realizaran-feria-nacional-de-la-madre-tierra-nicaragua-bendita\" target=\"_blank\" rel=\"noreferrer noopener\" aria-label=\"Leer m\u00e1s (opens in a new tab)\">Leer m\u00e1s<\/a><\/p>\n\n\n\n<p><\/p>\n","protected":false},"excerpt":{"rendered":"<p>En saludo al&nbsp;D\u00eda Internacional de la Tierra,&nbsp;instituciones de Gobierno de manera articulada con la Juventud Sandinista realizar\u00e1n una nueva edici\u00f3n<\/p>\n","protected":false},"author":1,"featured_media":1621,"comment_status":"closed","ping_status":"closed","sticky":false,"template":"","format":"standard","meta":{"colormag_page_container_layout":"default_layout","colormag_page_sidebar_layout":"default_layout","footnotes":""},"categories":[11],"tags":[],"class_list":["post-1620","post","type-post","status-publish","format-standard","has-post-thumbnail","hentry","category-noticias-agropecuarias"],"_links":{"self":[{"href":"https:\/\/cenida.una.edu.ni\/index.php\/wp-json\/wp\/v2\/posts\/1620","targetHints":{"allow":["GET"]}}],"collection":[{"href":"https:\/\/cenida.una.edu.ni\/index.php\/wp-json\/wp\/v2\/posts"}],"about":[{"href":"https:\/\/cenida.una.edu.ni\/index.php\/wp-json\/wp\/v2\/types\/post"}],"author":[{"embeddable":true,"href":"https:\/\/cenida.una.edu.ni\/index.php\/wp-json\/wp\/v2\/users\/1"}],"replies":[{"embeddable":true,"href":"https:\/\/cenida.una.edu.ni\/index.php\/wp-json\/wp\/v2\/comments?post=1620"}],"version-history":[{"count":2,"href":"https:\/\/cenida.una.edu.ni\/index.php\/wp-json\/wp\/v2\/posts\/1620\/revisions"}],"predecessor-version":[{"id":1627,"href":"https:\/\/cenida.una.edu.ni\/index.php\/wp-json\/wp\/v2\/posts\/1620\/revisions\/1627"}],"wp:featuredmedia":[{"embeddable":true,"href":"https:\/\/cenida.una.edu.ni\/index.php\/wp-json\/wp\/v2\/media\/1621"}],"wp:attachment":[{"href":"https:\/\/cenida.una.edu.ni\/index.php\/wp-json\/wp\/v2\/media?parent=1620"}],"wp:term":[{"taxonomy":"category","embeddable":true,"href":"https:\/\/cenida.una.edu.ni\/index.php\/wp-json\/wp\/v2\/categories?post=1620"},{"taxonomy":"post_tag","embeddable":true,"href":"https:\/\/cenida.una.edu.ni\/index.php\/wp-json\/wp\/v2\/tags?post=1620"}],"curies":[{"name":"wp","href":"https:\/\/api.w.org\/{rel}","templated":true}]}}