{"id":1094,"date":"2019-04-02T17:50:28","date_gmt":"2019-04-02T17:50:28","guid":{"rendered":"http:\/\/cenida.una.edu.ni\/?p=1094"},"modified":"2019-04-02T17:50:29","modified_gmt":"2019-04-02T17:50:29","slug":"concluye-feria-internacional-del-cactus-y-suculentas-en-el-arboretum-nacional","status":"publish","type":"post","link":"https:\/\/cenida.una.edu.ni\/index.php\/2019\/04\/02\/concluye-feria-internacional-del-cactus-y-suculentas-en-el-arboretum-nacional\/","title":{"rendered":"Concluye feria internacional del cactus y suculentas en el Arboretum Nacional"},"content":{"rendered":"\n<p> Con la premiaci\u00f3n de 12 protagonistas del pa\u00eds que producen cactus y suculentas, concluy\u00f3 este domingo en el\u00a0<strong>Arbotetum Nacional,<\/strong> una feria internacional, una forma de dinamizar la producci\u00f3n de esas plantas. <a href=\"https:\/\/www.el19digital.com\/articulos\/ver\/titulo:88766-concluye-feria-internacional-del-cactus-y-suculentas-en-el-arboretum-nacional\" target=\"_blank\" rel=\"noreferrer noopener\" aria-label=\"Leer m\u00e1s  (opens in a new tab)\">Leer m\u00e1s <\/a><\/p>\n","protected":false},"excerpt":{"rendered":"<p>Con la premiaci\u00f3n de 12 protagonistas del pa\u00eds que producen cactus y suculentas, concluy\u00f3 este domingo en el\u00a0Arbotetum Nacional, una<\/p>\n","protected":false},"author":1,"featured_media":1095,"comment_status":"closed","ping_status":"closed","sticky":false,"template":"","format":"standard","meta":{"colormag_page_container_layout":"default_layout","colormag_page_sidebar_layout":"default_layout","footnotes":""},"categories":[11],"tags":[],"class_list":["post-1094","post","type-post","status-publish","format-standard","has-post-thumbnail","hentry","category-noticias-agropecuarias"],"_links":{"self":[{"href":"https:\/\/cenida.una.edu.ni\/index.php\/wp-json\/wp\/v2\/posts\/1094","targetHints":{"allow":["GET"]}}],"collection":[{"href":"https:\/\/cenida.una.edu.ni\/index.php\/wp-json\/wp\/v2\/posts"}],"about":[{"href":"https:\/\/cenida.una.edu.ni\/index.php\/wp-json\/wp\/v2\/types\/post"}],"author":[{"embeddable":true,"href":"https:\/\/cenida.una.edu.ni\/index.php\/wp-json\/wp\/v2\/users\/1"}],"replies":[{"embeddable":true,"href":"https:\/\/cenida.una.edu.ni\/index.php\/wp-json\/wp\/v2\/comments?post=1094"}],"version-history":[{"count":1,"href":"https:\/\/cenida.una.edu.ni\/index.php\/wp-json\/wp\/v2\/posts\/1094\/revisions"}],"predecessor-version":[{"id":1096,"href":"https:\/\/cenida.una.edu.ni\/index.php\/wp-json\/wp\/v2\/posts\/1094\/revisions\/1096"}],"wp:featuredmedia":[{"embeddable":true,"href":"https:\/\/cenida.una.edu.ni\/index.php\/wp-json\/wp\/v2\/media\/1095"}],"wp:attachment":[{"href":"https:\/\/cenida.una.edu.ni\/index.php\/wp-json\/wp\/v2\/media?parent=1094"}],"wp:term":[{"taxonomy":"category","embeddable":true,"href":"https:\/\/cenida.una.edu.ni\/index.php\/wp-json\/wp\/v2\/categories?post=1094"},{"taxonomy":"post_tag","embeddable":true,"href":"https:\/\/cenida.una.edu.ni\/index.php\/wp-json\/wp\/v2\/tags?post=1094"}],"curies":[{"name":"wp","href":"https:\/\/api.w.org\/{rel}","templated":true}]}}