{"id":1091,"date":"2019-04-02T17:45:48","date_gmt":"2019-04-02T17:45:48","guid":{"rendered":"http:\/\/cenida.una.edu.ni\/?p=1091"},"modified":"2019-04-02T17:45:49","modified_gmt":"2019-04-02T17:45:49","slug":"marena-presenta-sistema-integrado-de-alerta-temprana-de-deforestacion-y-degradacion-del-bosque","status":"publish","type":"post","link":"https:\/\/cenida.una.edu.ni\/index.php\/2019\/04\/02\/marena-presenta-sistema-integrado-de-alerta-temprana-de-deforestacion-y-degradacion-del-bosque\/","title":{"rendered":"Marena presenta sistema integrado de alerta temprana de deforestaci\u00f3n y degradaci\u00f3n del bosque"},"content":{"rendered":"\n<p> El\u00a0<strong>Ministerio del Ambiente y los Recursos Naturales (Marena)<\/strong> present\u00f3 el dise\u00f1o del sistema integrado de alerta temprana de la deforestaci\u00f3n y degradaci\u00f3n de los bosques, con el objetivo de proteger los recursos naturales.  <a href=\"https:\/\/www.el19digital.com\/articulos\/ver\/titulo:88802-marena-presenta-sistema-integrado-de-alerta-temprana-de-deforestacion-y-degradacion-del-bosque\" target=\"_blank\" rel=\"noreferrer noopener\" aria-label=\"Leer m\u00e1s (opens in a new tab)\">Leer m\u00e1s<\/a><\/p>\n","protected":false},"excerpt":{"rendered":"<p>El\u00a0Ministerio del Ambiente y los Recursos Naturales (Marena) present\u00f3 el dise\u00f1o del sistema integrado de alerta temprana de la deforestaci\u00f3n<\/p>\n","protected":false},"author":1,"featured_media":1092,"comment_status":"closed","ping_status":"closed","sticky":false,"template":"","format":"standard","meta":{"colormag_page_container_layout":"default_layout","colormag_page_sidebar_layout":"default_layout","footnotes":""},"categories":[11],"tags":[],"class_list":["post-1091","post","type-post","status-publish","format-standard","has-post-thumbnail","hentry","category-noticias-agropecuarias"],"_links":{"self":[{"href":"https:\/\/cenida.una.edu.ni\/index.php\/wp-json\/wp\/v2\/posts\/1091","targetHints":{"allow":["GET"]}}],"collection":[{"href":"https:\/\/cenida.una.edu.ni\/index.php\/wp-json\/wp\/v2\/posts"}],"about":[{"href":"https:\/\/cenida.una.edu.ni\/index.php\/wp-json\/wp\/v2\/types\/post"}],"author":[{"embeddable":true,"href":"https:\/\/cenida.una.edu.ni\/index.php\/wp-json\/wp\/v2\/users\/1"}],"replies":[{"embeddable":true,"href":"https:\/\/cenida.una.edu.ni\/index.php\/wp-json\/wp\/v2\/comments?post=1091"}],"version-history":[{"count":1,"href":"https:\/\/cenida.una.edu.ni\/index.php\/wp-json\/wp\/v2\/posts\/1091\/revisions"}],"predecessor-version":[{"id":1093,"href":"https:\/\/cenida.una.edu.ni\/index.php\/wp-json\/wp\/v2\/posts\/1091\/revisions\/1093"}],"wp:featuredmedia":[{"embeddable":true,"href":"https:\/\/cenida.una.edu.ni\/index.php\/wp-json\/wp\/v2\/media\/1092"}],"wp:attachment":[{"href":"https:\/\/cenida.una.edu.ni\/index.php\/wp-json\/wp\/v2\/media?parent=1091"}],"wp:term":[{"taxonomy":"category","embeddable":true,"href":"https:\/\/cenida.una.edu.ni\/index.php\/wp-json\/wp\/v2\/categories?post=1091"},{"taxonomy":"post_tag","embeddable":true,"href":"https:\/\/cenida.una.edu.ni\/index.php\/wp-json\/wp\/v2\/tags?post=1091"}],"curies":[{"name":"wp","href":"https:\/\/api.w.org\/{rel}","templated":true}]}}